{"id":158962,"date":"2023-09-24T19:37:43","date_gmt":"2023-09-24T22:37:43","guid":{"rendered":"https:\/\/www.cronicasdeitarantim.com.br\/v1\/?p=158962"},"modified":"2023-09-24T19:37:43","modified_gmt":"2023-09-24T22:37:43","slug":"mais-um-tragico-acidente-na-regiao-desta-vez-na-br-116-um-homem-foi-esmagado","status":"publish","type":"post","link":"https:\/\/www.cronicasdeitarantim.com.br\/v1\/2023\/09\/24\/mais-um-tragico-acidente-na-regiao-desta-vez-na-br-116-um-homem-foi-esmagado\/","title":{"rendered":"MAIS UM TR\u00c1GICO ACIDENTE NA REGI\u00c3O, DESTA VEZ NA BR\/116, UM HOMEM FOI ESMAGADO"},"content":{"rendered":"<div id=\":r8\" class=\"Ar Au Ao\">\n<div id=\":r4\" class=\"Am Al editable LW-avf tS-tW tS-tY\" tabindex=\"1\" role=\"textbox\" contenteditable=\"true\" spellcheck=\"false\" aria-label=\"Corpo da mensagem\" aria-multiline=\"true\" aria-owns=\":tq\" aria-controls=\":tq\">\n<h4>Mais um tr\u00e1gico acidente aconteceu neste domingo (24) em BR da nossa regi\u00e3o, desta vez foi na BR\/116 no munic\u00edpio de C\u00e2ndido Sales. De acordo com informa\u00e7\u00f5es uma carreta apresentou problemas mec\u00e2nicos na subida de uma ladeira dentro do per\u00edmetro urbano da cidade sudoeste que desceu em sentido contr\u00e1rio, no movimento o motorista tentou se salvar pulando e caiu embaixo do ve\u00edculo e foi totalmente esmagado. A carreta que desceu desgovernada caiu numa ribanceira e de acordo com informa\u00e7\u00f5es ainda provocou acidente com outro ve\u00edculo.<\/h4>\n<div class=\"entry-content\">\n<h4>A Via Bahia e Pol\u00edcia Rodovi\u00e1ria Federal esteve no local para registrar a ocorr\u00eancia e controlar o tr\u00e2nsito que ficou parado por muito tempo.<\/h4>\n<\/div>\n<\/div>\n<\/div>\n","protected":false},"excerpt":{"rendered":"<p>Mais um tr\u00e1gico acidente aconteceu neste domingo (24) em BR da nossa regi\u00e3o, desta vez foi na BR\/116 no munic\u00edpio de C\u00e2ndido Sales. De acordo com informa\u00e7\u00f5es uma carreta apresentou problemas mec\u00e2nicos na subida de uma ladeira dentro do per\u00edmetro urbano da cidade sudoeste que desceu em sentido contr\u00e1rio, no movimento o motorista tentou se salvar pulando e caiu embaixo do ve\u00edculo e foi totalmente esmagado. A carreta que desceu desgovernada caiu numa ribanceira e de acordo com informa\u00e7\u00f5es ainda provocou acidente com outro ve\u00edculo. A Via Bahia e Pol\u00edcia Rodovi\u00e1ria Federal esteve no local para registrar a ocorr\u00eancia e [&hellip;]<\/p>\n","protected":false},"author":4,"featured_media":158963,"comment_status":"open","ping_status":"open","sticky":false,"template":"","format":"standard","meta":[],"categories":[1],"tags":[594,1494,1780],"_links":{"self":[{"href":"https:\/\/www.cronicasdeitarantim.com.br\/v1\/wp-json\/wp\/v2\/posts\/158962"}],"collection":[{"href":"https:\/\/www.cronicasdeitarantim.com.br\/v1\/wp-json\/wp\/v2\/posts"}],"about":[{"href":"https:\/\/www.cronicasdeitarantim.com.br\/v1\/wp-json\/wp\/v2\/types\/post"}],"author":[{"embeddable":true,"href":"https:\/\/www.cronicasdeitarantim.com.br\/v1\/wp-json\/wp\/v2\/users\/4"}],"replies":[{"embeddable":true,"href":"https:\/\/www.cronicasdeitarantim.com.br\/v1\/wp-json\/wp\/v2\/comments?post=158962"}],"version-history":[{"count":1,"href":"https:\/\/www.cronicasdeitarantim.com.br\/v1\/wp-json\/wp\/v2\/posts\/158962\/revisions"}],"predecessor-version":[{"id":158964,"href":"https:\/\/www.cronicasdeitarantim.com.br\/v1\/wp-json\/wp\/v2\/posts\/158962\/revisions\/158964"}],"wp:featuredmedia":[{"embeddable":true,"href":"https:\/\/www.cronicasdeitarantim.com.br\/v1\/wp-json\/wp\/v2\/media\/158963"}],"wp:attachment":[{"href":"https:\/\/www.cronicasdeitarantim.com.br\/v1\/wp-json\/wp\/v2\/media?parent=158962"}],"wp:term":[{"taxonomy":"category","embeddable":true,"href":"https:\/\/www.cronicasdeitarantim.com.br\/v1\/wp-json\/wp\/v2\/categories?post=158962"},{"taxonomy":"post_tag","embeddable":true,"href":"https:\/\/www.cronicasdeitarantim.com.br\/v1\/wp-json\/wp\/v2\/tags?post=158962"}],"curies":[{"name":"wp","href":"https:\/\/api.w.org\/{rel}","templated":true}]}}