{"id":158877,"date":"2023-09-18T15:33:35","date_gmt":"2023-09-18T18:33:35","guid":{"rendered":"https:\/\/www.cronicasdeitarantim.com.br\/v1\/?p=158877"},"modified":"2023-09-18T17:41:44","modified_gmt":"2023-09-18T20:41:44","slug":"professorees-de-itarantim-voltarao-as-ruas-nesta-terca-feira-em-mais-uma-paralisacao-na-educacao","status":"publish","type":"post","link":"https:\/\/www.cronicasdeitarantim.com.br\/v1\/2023\/09\/18\/professorees-de-itarantim-voltarao-as-ruas-nesta-terca-feira-em-mais-uma-paralisacao-na-educacao\/","title":{"rendered":"PROFESSOREES DE ITARANTIM VOLTAR\u00c3O \u00c0S RUAS NESTA TER\u00c7A-FEIRA EM MAIS UMA PARALISA\u00c7\u00c3O NA EDUCA\u00c7\u00c3O"},"content":{"rendered":"<h4>Os professores da rede municipal de educa\u00e7\u00e3o de Itarantim ir\u00e3o \u00e0s ruas mais uma vez nesta ter\u00e7a-feira (19) em mais um ato de paralisa\u00e7\u00e3o na educa\u00e7\u00e3o. Os educadores cobram o piso salarial da Prefeitura que nega sentar numa mesa de negocia\u00e7\u00e3o com a classe que reivindica desde do ano passado o piso salarial.<\/h4>\n<h4>A classe j\u00e1 tinha realizado um ato de paralisa\u00e7\u00e3o no \u00faltimo dia 05 pelas ruas da cidade, em frente a Secretaria de Educa\u00e7\u00e3o e em frente a Prefeitura.<\/h4>\n<h4>Nesta ter\u00e7a-feira os professores ir\u00e3o ocupar parte em frente a rodovi\u00e1ria de Itarantim na BA\/270 chamando aten\u00e7\u00e3o das autoridades do poder p\u00fablico sobre o recurso do piso que \u00e9 uma lei e que a Prefeitura n\u00e3o cumpriu com o pagamento.<\/h4>\n<h4>\u00a0De acordo com informa\u00e7\u00f5es da APLB N\u00facleo Sindical Itarantim, organizadora do manifesto de paralisa\u00e7\u00e3o, al\u00e9m desta ter\u00e7a-feira eles ir\u00e3o paralisar tamb\u00e9m na quarta-feira (20) caso a Prefeitura\u00a0n\u00e3o sinalize um di\u00e1logo.<\/h4>\n<p><a href=\"https:\/\/www.cronicasdeitarantim.com.br\/v1\/wp-content\/uploads\/2023\/09\/WhatsApp-Image-2023-09-18-at-15.33.01.jpeg\"><img decoding=\"async\" loading=\"lazy\" class=\"alignnone size-full wp-image-158879\" src=\"https:\/\/www.cronicasdeitarantim.com.br\/v1\/wp-content\/uploads\/2023\/09\/WhatsApp-Image-2023-09-18-at-15.33.01.jpeg\" alt=\"\" width=\"730\" height=\"725\" srcset=\"https:\/\/www.cronicasdeitarantim.com.br\/v1\/wp-content\/uploads\/2023\/09\/WhatsApp-Image-2023-09-18-at-15.33.01.jpeg 730w, https:\/\/www.cronicasdeitarantim.com.br\/v1\/wp-content\/uploads\/2023\/09\/WhatsApp-Image-2023-09-18-at-15.33.01-300x298.jpeg 300w, https:\/\/www.cronicasdeitarantim.com.br\/v1\/wp-content\/uploads\/2023\/09\/WhatsApp-Image-2023-09-18-at-15.33.01-150x150.jpeg 150w, https:\/\/www.cronicasdeitarantim.com.br\/v1\/wp-content\/uploads\/2023\/09\/WhatsApp-Image-2023-09-18-at-15.33.01-130x130.jpeg 130w, https:\/\/www.cronicasdeitarantim.com.br\/v1\/wp-content\/uploads\/2023\/09\/WhatsApp-Image-2023-09-18-at-15.33.01-400x397.jpeg 400w, https:\/\/www.cronicasdeitarantim.com.br\/v1\/wp-content\/uploads\/2023\/09\/WhatsApp-Image-2023-09-18-at-15.33.01-604x600.jpeg 604w\" sizes=\"(max-width: 730px) 100vw, 730px\" \/><\/a><\/p>\n","protected":false},"excerpt":{"rendered":"<p>Os professores da rede municipal de educa\u00e7\u00e3o de Itarantim ir\u00e3o \u00e0s ruas mais uma vez nesta ter\u00e7a-feira (19) em mais um ato de paralisa\u00e7\u00e3o na educa\u00e7\u00e3o. Os educadores cobram o piso salarial da Prefeitura que nega sentar numa mesa de negocia\u00e7\u00e3o com a classe que reivindica desde do ano passado o piso salarial. A classe j\u00e1 tinha realizado um ato de paralisa\u00e7\u00e3o no \u00faltimo dia 05 pelas ruas da cidade, em frente a Secretaria de Educa\u00e7\u00e3o e em frente a Prefeitura. Nesta ter\u00e7a-feira os professores ir\u00e3o ocupar parte em frente a rodovi\u00e1ria de Itarantim na BA\/270 chamando aten\u00e7\u00e3o das autoridades [&hellip;]<\/p>\n","protected":false},"author":4,"featured_media":146465,"comment_status":"open","ping_status":"open","sticky":false,"template":"","format":"standard","meta":[],"categories":[14],"tags":[1700,1780,130,385],"_links":{"self":[{"href":"https:\/\/www.cronicasdeitarantim.com.br\/v1\/wp-json\/wp\/v2\/posts\/158877"}],"collection":[{"href":"https:\/\/www.cronicasdeitarantim.com.br\/v1\/wp-json\/wp\/v2\/posts"}],"about":[{"href":"https:\/\/www.cronicasdeitarantim.com.br\/v1\/wp-json\/wp\/v2\/types\/post"}],"author":[{"embeddable":true,"href":"https:\/\/www.cronicasdeitarantim.com.br\/v1\/wp-json\/wp\/v2\/users\/4"}],"replies":[{"embeddable":true,"href":"https:\/\/www.cronicasdeitarantim.com.br\/v1\/wp-json\/wp\/v2\/comments?post=158877"}],"version-history":[{"count":5,"href":"https:\/\/www.cronicasdeitarantim.com.br\/v1\/wp-json\/wp\/v2\/posts\/158877\/revisions"}],"predecessor-version":[{"id":158883,"href":"https:\/\/www.cronicasdeitarantim.com.br\/v1\/wp-json\/wp\/v2\/posts\/158877\/revisions\/158883"}],"wp:featuredmedia":[{"embeddable":true,"href":"https:\/\/www.cronicasdeitarantim.com.br\/v1\/wp-json\/wp\/v2\/media\/146465"}],"wp:attachment":[{"href":"https:\/\/www.cronicasdeitarantim.com.br\/v1\/wp-json\/wp\/v2\/media?parent=158877"}],"wp:term":[{"taxonomy":"category","embeddable":true,"href":"https:\/\/www.cronicasdeitarantim.com.br\/v1\/wp-json\/wp\/v2\/categories?post=158877"},{"taxonomy":"post_tag","embeddable":true,"href":"https:\/\/www.cronicasdeitarantim.com.br\/v1\/wp-json\/wp\/v2\/tags?post=158877"}],"curies":[{"name":"wp","href":"https:\/\/api.w.org\/{rel}","templated":true}]}}