{"id":158837,"date":"2023-09-14T12:25:39","date_gmt":"2023-09-14T15:25:39","guid":{"rendered":"https:\/\/www.cronicasdeitarantim.com.br\/v1\/?p=158837"},"modified":"2023-09-14T12:35:32","modified_gmt":"2023-09-14T15:35:32","slug":"homem-autor-de-homicidio-em-itarantim-que-estava-foragido-se-entrega-a-policia","status":"publish","type":"post","link":"https:\/\/www.cronicasdeitarantim.com.br\/v1\/2023\/09\/14\/homem-autor-de-homicidio-em-itarantim-que-estava-foragido-se-entrega-a-policia\/","title":{"rendered":"Homem autor de homic\u00eddio em Itarantim que estava foragido se entrega \u00e0 pol\u00edcia"},"content":{"rendered":"<div id=\":r6\" class=\"Ar Au Ao\">\n<div id=\":r2\" class=\"Am Al editable LW-avf tS-tW tS-tY\" tabindex=\"1\" role=\"textbox\" contenteditable=\"true\" spellcheck=\"false\" aria-label=\"Corpo da mensagem\" aria-multiline=\"true\" aria-owns=\":to\" aria-controls=\":to\">\n<p>O homicida que estava foragido da justi\u00e7a em Itarantim pela morte de Gazo se entregou \u00e0 pol\u00edcia na manh\u00e3 desta quinta-feira (14) na cidade de Paulo Afonso onde estava escondido. Pacheco como \u00e9 conhecido na cidade estava desde do dia que se apresentou \u00e0 pol\u00edcia em Itarantim no dia 18 de mar\u00e7o de 2022 quando ainda Gazo estava hospitalizado j\u00e1 a mais de um m\u00eas em Vit\u00f3ria da Conquista em estado grave. Gazo morreu no dia 04 de abril daquele mesmo ano.<\/p>\n<p><strong>Entenda o o ocorrido:<\/strong><\/p>\n<p>Pacheco atirou em Gazo em um bar localizado na rua Itua\u00e7u no centro da cidade por uma desaven\u00e7a entre eles. Gazo chegou a ser levado para o Hospital Regional de Itarantim quando precisou ser transferido para a cidade de Vit\u00f3ria da Conquista onde passou pouco mais de um m\u00eas lutando pela vida, mas acabou n\u00e3o resistindo aos procedimentos de cirurgia e vindo a \u00f3bito.<\/p>\n<p>Confira nos links abaixo mat\u00e9rias da \u00e9poca:<\/p>\n<p><a href=\"https:\/\/www.cronicasdeitarantim.com.br\/v1\/2022\/02\/26\/urgente-tiros-e-uma-pessoa-ferida-em-itarantim\/\">URGENTE] Tiros e uma pessoa ferida em Itarantim<\/a><\/p>\n<\/div>\n<\/div>\n<p><a href=\"https:\/\/www.cronicasdeitarantim.com.br\/v1\/2022\/04\/04\/luto-uma-noticia-triste-morre-gazo-que-foi-vitima-de-tiros-em-itarantim\/\">LUTO] Uma not\u00edcia triste, morre Gazo que foi v\u00edtima de tiros em Itarantim<\/a><\/p>\n<p><a href=\"https:\/\/www.cronicasdeitarantim.com.br\/v1\/2022\/03\/18\/homem-que-cometeu-tentativa-de-homicidio-em-itarantim-se-apresenta-no-forum\/\">Homem que cometeu tentativa de homic\u00eddio em Itarantim se apresenta no f\u00f3rum<\/a><\/p>\n<p>&nbsp;<\/p>\n<p>&nbsp;<\/p>\n","protected":false},"excerpt":{"rendered":"<p>O homicida que estava foragido da justi\u00e7a em Itarantim pela morte de Gazo se entregou \u00e0 pol\u00edcia na manh\u00e3 desta quinta-feira (14) na cidade de Paulo Afonso onde estava escondido. Pacheco como \u00e9 conhecido na cidade estava desde do dia que se apresentou \u00e0 pol\u00edcia em Itarantim no dia 18 de mar\u00e7o de 2022 quando ainda Gazo estava hospitalizado j\u00e1 a mais de um m\u00eas em Vit\u00f3ria da Conquista em estado grave. Gazo morreu no dia 04 de abril daquele mesmo ano. Entenda o o ocorrido: Pacheco atirou em Gazo em um bar localizado na rua Itua\u00e7u no centro da [&hellip;]<\/p>\n","protected":false},"author":4,"featured_media":158838,"comment_status":"open","ping_status":"open","sticky":false,"template":"","format":"standard","meta":[],"categories":[306],"tags":[1780,841,385],"_links":{"self":[{"href":"https:\/\/www.cronicasdeitarantim.com.br\/v1\/wp-json\/wp\/v2\/posts\/158837"}],"collection":[{"href":"https:\/\/www.cronicasdeitarantim.com.br\/v1\/wp-json\/wp\/v2\/posts"}],"about":[{"href":"https:\/\/www.cronicasdeitarantim.com.br\/v1\/wp-json\/wp\/v2\/types\/post"}],"author":[{"embeddable":true,"href":"https:\/\/www.cronicasdeitarantim.com.br\/v1\/wp-json\/wp\/v2\/users\/4"}],"replies":[{"embeddable":true,"href":"https:\/\/www.cronicasdeitarantim.com.br\/v1\/wp-json\/wp\/v2\/comments?post=158837"}],"version-history":[{"count":2,"href":"https:\/\/www.cronicasdeitarantim.com.br\/v1\/wp-json\/wp\/v2\/posts\/158837\/revisions"}],"predecessor-version":[{"id":158840,"href":"https:\/\/www.cronicasdeitarantim.com.br\/v1\/wp-json\/wp\/v2\/posts\/158837\/revisions\/158840"}],"wp:featuredmedia":[{"embeddable":true,"href":"https:\/\/www.cronicasdeitarantim.com.br\/v1\/wp-json\/wp\/v2\/media\/158838"}],"wp:attachment":[{"href":"https:\/\/www.cronicasdeitarantim.com.br\/v1\/wp-json\/wp\/v2\/media?parent=158837"}],"wp:term":[{"taxonomy":"category","embeddable":true,"href":"https:\/\/www.cronicasdeitarantim.com.br\/v1\/wp-json\/wp\/v2\/categories?post=158837"},{"taxonomy":"post_tag","embeddable":true,"href":"https:\/\/www.cronicasdeitarantim.com.br\/v1\/wp-json\/wp\/v2\/tags?post=158837"}],"curies":[{"name":"wp","href":"https:\/\/api.w.org\/{rel}","templated":true}]}}