{"id":158763,"date":"2023-09-10T15:22:11","date_gmt":"2023-09-10T18:22:11","guid":{"rendered":"https:\/\/www.cronicasdeitarantim.com.br\/v1\/?p=158763"},"modified":"2023-09-10T15:22:11","modified_gmt":"2023-09-10T18:22:11","slug":"sem-a-tradicional-festa-de-vaquejada-potiragua-comemora-69-anos","status":"publish","type":"post","link":"https:\/\/www.cronicasdeitarantim.com.br\/v1\/2023\/09\/10\/sem-a-tradicional-festa-de-vaquejada-potiragua-comemora-69-anos\/","title":{"rendered":"SEM A TRADICIONAL FESTA DE VAQUEJADA, POTIRAGU\u00c1 COMEMORA 69 ANOS"},"content":{"rendered":"<h4>Sem o glamour da tradicional festa da vaquejada, que foi cobrada pelos amantes desta modalidade e pela popula\u00e7\u00e3o geral do munic\u00edpio, a cidade de Potiragu\u00e1 completou 69 anos com uma festa bastante modesta e sem muito entusiasmo que n\u00e3o atraiu pessoas da regi\u00e3o com o espa\u00e7o ficando esvaziado.<\/h4>\n<h4>A Prefeitura da cidade chegou a anunciar no seu meio de comunica\u00e7\u00e3o oficial que iria ter a festa da vaquejada, no entanto dias ap\u00f3s a publica\u00e7\u00e3o foi anunciado o cancelamento, que n\u00e3o iria mais acontecer a festa causando revolta na popula\u00e7\u00e3o do munic\u00edpio.<\/h4>\n<h4>O cancelamento causou algumas revoltas, em especial os praticantes da modalidade que se prepararam durante este ano para participar do evento cancelado.<\/h4>\n<h4>De acordo com informa\u00e7\u00f5es, a Prefeitura alegou situa\u00e7\u00e3o financeira sem condi\u00e7\u00f5es da realiza\u00e7\u00e3o do evento que movimenta bastante o setor cultural da cidade bem como a economia local que ter\u00e1 uma grande perda sem a realiza\u00e7\u00e3o da vaquejada.<\/h4>\n<h4>Algumas pessoas chegaram a publicar informa\u00e7\u00f5es em suas redes sociais mostrando as p\u00e9ssimas condi\u00e7\u00f5es em que se encontra o parque de vaquejada, afirmando que a Prefeitura abandonou aquele local que \u00e9 a fonte de atra\u00e7\u00e3o cultural e econ\u00f4mica do munic\u00edpio.<\/h4>\n<h4>\u00c9 uma pena que a festa da vaquejada tenha sido cancelada, causando insatisfa\u00e7\u00e3o entre os praticantes e impactando a economia local.<\/h4>\n","protected":false},"excerpt":{"rendered":"<p>Sem o glamour da tradicional festa da vaquejada, que foi cobrada pelos amantes desta modalidade e pela popula\u00e7\u00e3o geral do munic\u00edpio, a cidade de Potiragu\u00e1 completou 69 anos com uma festa bastante modesta e sem muito entusiasmo que n\u00e3o atraiu pessoas da regi\u00e3o com o espa\u00e7o ficando esvaziado. A Prefeitura da cidade chegou a anunciar no seu meio de comunica\u00e7\u00e3o oficial que iria ter a festa da vaquejada, no entanto dias ap\u00f3s a publica\u00e7\u00e3o foi anunciado o cancelamento, que n\u00e3o iria mais acontecer a festa causando revolta na popula\u00e7\u00e3o do munic\u00edpio. O cancelamento causou algumas revoltas, em especial os praticantes [&hellip;]<\/p>\n","protected":false},"author":4,"featured_media":158764,"comment_status":"open","ping_status":"open","sticky":false,"template":"","format":"standard","meta":[],"categories":[304],"tags":[553,1780,2321,437],"_links":{"self":[{"href":"https:\/\/www.cronicasdeitarantim.com.br\/v1\/wp-json\/wp\/v2\/posts\/158763"}],"collection":[{"href":"https:\/\/www.cronicasdeitarantim.com.br\/v1\/wp-json\/wp\/v2\/posts"}],"about":[{"href":"https:\/\/www.cronicasdeitarantim.com.br\/v1\/wp-json\/wp\/v2\/types\/post"}],"author":[{"embeddable":true,"href":"https:\/\/www.cronicasdeitarantim.com.br\/v1\/wp-json\/wp\/v2\/users\/4"}],"replies":[{"embeddable":true,"href":"https:\/\/www.cronicasdeitarantim.com.br\/v1\/wp-json\/wp\/v2\/comments?post=158763"}],"version-history":[{"count":1,"href":"https:\/\/www.cronicasdeitarantim.com.br\/v1\/wp-json\/wp\/v2\/posts\/158763\/revisions"}],"predecessor-version":[{"id":158765,"href":"https:\/\/www.cronicasdeitarantim.com.br\/v1\/wp-json\/wp\/v2\/posts\/158763\/revisions\/158765"}],"wp:featuredmedia":[{"embeddable":true,"href":"https:\/\/www.cronicasdeitarantim.com.br\/v1\/wp-json\/wp\/v2\/media\/158764"}],"wp:attachment":[{"href":"https:\/\/www.cronicasdeitarantim.com.br\/v1\/wp-json\/wp\/v2\/media?parent=158763"}],"wp:term":[{"taxonomy":"category","embeddable":true,"href":"https:\/\/www.cronicasdeitarantim.com.br\/v1\/wp-json\/wp\/v2\/categories?post=158763"},{"taxonomy":"post_tag","embeddable":true,"href":"https:\/\/www.cronicasdeitarantim.com.br\/v1\/wp-json\/wp\/v2\/tags?post=158763"}],"curies":[{"name":"wp","href":"https:\/\/api.w.org\/{rel}","templated":true}]}}