{"id":158743,"date":"2023-09-08T11:40:52","date_gmt":"2023-09-08T14:40:52","guid":{"rendered":"https:\/\/www.cronicasdeitarantim.com.br\/v1\/?p=158743"},"modified":"2023-09-08T11:40:52","modified_gmt":"2023-09-08T14:40:52","slug":"saude-numero-de-casos-de-cancer-entre-jovens-cresce-79-em-30-anos","status":"publish","type":"post","link":"https:\/\/www.cronicasdeitarantim.com.br\/v1\/2023\/09\/08\/saude-numero-de-casos-de-cancer-entre-jovens-cresce-79-em-30-anos\/","title":{"rendered":"SA\u00daDE] N\u00famero de casos de c\u00e2ncer entre jovens cresce 79% em 30 anos"},"content":{"rendered":"<h4>\u00c9 preocupante o aumento de casos de c\u00e2ncer entre pessoas mais jovens, ressaltando a import\u00e2ncia da conscientiza\u00e7\u00e3o, preven\u00e7\u00e3o e detec\u00e7\u00e3o precoce da doen\u00e7a.<\/h4>\n<h4>O n\u00famero de casos de c\u00e2ncer entre pessoas com menos de 50 anos aumentou 79% nas \u00faltimas tr\u00eas d\u00e9cadas. Isso \u00e9 o que revela um estudo publicado na revista cient\u00edfica &#8220;BMJ Oncology&#8221; nesta semana.<\/h4>\n<h4>O trabalho, realizado por pesquisadores da Universidade de Edimburgo, no Reino Unido, e da Universidade de Zhejiang, na China, analisou dados de 29 tipos de c\u00e2ncer em 204 pa\u00edses e regi\u00f5es, incluindo o Brasil. De acordo com os dados, em 2019 foram registrados um total de 3,26 milh\u00f5es de novos casos de c\u00e2ncer em pessoas com menos de 50 anos. J\u00e1 em 1990, essa taxa estava pr\u00f3xima de 1,8 milh\u00e3o de casos.<\/h4>\n<h4>Ap\u00f3s o c\u00e2ncer de mama, os tipos que mais causaram mortes e impactaram negativamente a sa\u00fade foram os de traqueia, pulm\u00e3o, est\u00f4mago e intestino, com os maiores aumentos nas taxas de morte entre pessoas com c\u00e2ncer de rim ou ov\u00e1rio.<\/h4>\n<h4>Os pesquisadores atribuem o aumento do n\u00famero de casos de c\u00e2ncer entre jovens a uma combina\u00e7\u00e3o de fatores, incluindo obesidade, \u00e1lcool e tabagismo.<\/h4>\n<p>&nbsp;<\/p>\n","protected":false},"excerpt":{"rendered":"<p>\u00c9 preocupante o aumento de casos de c\u00e2ncer entre pessoas mais jovens, ressaltando a import\u00e2ncia da conscientiza\u00e7\u00e3o, preven\u00e7\u00e3o e detec\u00e7\u00e3o precoce da doen\u00e7a. O n\u00famero de casos de c\u00e2ncer entre pessoas com menos de 50 anos aumentou 79% nas \u00faltimas tr\u00eas d\u00e9cadas. Isso \u00e9 o que revela um estudo publicado na revista cient\u00edfica &#8220;BMJ Oncology&#8221; nesta semana. O trabalho, realizado por pesquisadores da Universidade de Edimburgo, no Reino Unido, e da Universidade de Zhejiang, na China, analisou dados de 29 tipos de c\u00e2ncer em 204 pa\u00edses e regi\u00f5es, incluindo o Brasil. De acordo com os dados, em 2019 foram registrados [&hellip;]<\/p>\n","protected":false},"author":4,"featured_media":158744,"comment_status":"open","ping_status":"open","sticky":false,"template":"","format":"standard","meta":[],"categories":[345],"tags":[433,1780,254],"_links":{"self":[{"href":"https:\/\/www.cronicasdeitarantim.com.br\/v1\/wp-json\/wp\/v2\/posts\/158743"}],"collection":[{"href":"https:\/\/www.cronicasdeitarantim.com.br\/v1\/wp-json\/wp\/v2\/posts"}],"about":[{"href":"https:\/\/www.cronicasdeitarantim.com.br\/v1\/wp-json\/wp\/v2\/types\/post"}],"author":[{"embeddable":true,"href":"https:\/\/www.cronicasdeitarantim.com.br\/v1\/wp-json\/wp\/v2\/users\/4"}],"replies":[{"embeddable":true,"href":"https:\/\/www.cronicasdeitarantim.com.br\/v1\/wp-json\/wp\/v2\/comments?post=158743"}],"version-history":[{"count":1,"href":"https:\/\/www.cronicasdeitarantim.com.br\/v1\/wp-json\/wp\/v2\/posts\/158743\/revisions"}],"predecessor-version":[{"id":158745,"href":"https:\/\/www.cronicasdeitarantim.com.br\/v1\/wp-json\/wp\/v2\/posts\/158743\/revisions\/158745"}],"wp:featuredmedia":[{"embeddable":true,"href":"https:\/\/www.cronicasdeitarantim.com.br\/v1\/wp-json\/wp\/v2\/media\/158744"}],"wp:attachment":[{"href":"https:\/\/www.cronicasdeitarantim.com.br\/v1\/wp-json\/wp\/v2\/media?parent=158743"}],"wp:term":[{"taxonomy":"category","embeddable":true,"href":"https:\/\/www.cronicasdeitarantim.com.br\/v1\/wp-json\/wp\/v2\/categories?post=158743"},{"taxonomy":"post_tag","embeddable":true,"href":"https:\/\/www.cronicasdeitarantim.com.br\/v1\/wp-json\/wp\/v2\/tags?post=158743"}],"curies":[{"name":"wp","href":"https:\/\/api.w.org\/{rel}","templated":true}]}}