{"id":158725,"date":"2023-09-07T01:49:42","date_gmt":"2023-09-07T04:49:42","guid":{"rendered":"https:\/\/www.cronicasdeitarantim.com.br\/v1\/?p=158725"},"modified":"2023-09-07T01:49:42","modified_gmt":"2023-09-07T04:49:42","slug":"em-vitoria-da-conquista-empregada-domestica-e-resgatada-em-trabalho-escravo","status":"publish","type":"post","link":"https:\/\/www.cronicasdeitarantim.com.br\/v1\/2023\/09\/07\/em-vitoria-da-conquista-empregada-domestica-e-resgatada-em-trabalho-escravo\/","title":{"rendered":"Em Vit\u00f3ria da Conquista empregada domestica \u00e9 resgatada em trabalho escravo"},"content":{"rendered":"<p>Uma empregada dom\u00e9stica foi resgatada em situa\u00e7\u00e3o an\u00e1loga a escravid\u00e3o em Vit\u00f3ria da Conquista, sudoeste da Bahia. A a\u00e7\u00e3o foi realizada no m\u00eas de agosto, durante a Opera\u00e7\u00e3o Resgate III, que resgatou onze trabalhadores baianos, em condi\u00e7\u00f5es de trabalho escravo.<\/p>\n<p>Segundo o Minist\u00e9rio P\u00fablico do Trabalho, as equipes da Opera\u00e7\u00e3o visitaram ainda tr\u00eas resid\u00eancias onde havia suspeita de trabalho an\u00e1logo \u00e0 escravid\u00e3o.<\/p>\n<p>Procuradores do MPT e advogados do empregador est\u00e3o negociando um termo de ajuste de conduta para garantir os pagamentos.<\/p>\n<p>A Opera\u00e7\u00e3o Resgate III, realizada em 22 estados e no Distrito Federal, teve como alvos resid\u00eancias suspeitas de abrigar trabalho escravo dom\u00e9stico e propriedades rurais.<\/p>\n<p>O trabalho foi realizado pelo Minist\u00e9rio do Trabalho e Emprego; Minist\u00e9rio P\u00fablico do Trabalho; Minist\u00e9rio P\u00fablico Federal; Defensoria P\u00fablica da Uni\u00e3o; Pol\u00edcia Federal e Pol\u00edcia Rodovi\u00e1ria Federal<\/p>\n<p>Na Bahia, al\u00e9m de Vit\u00f3ria da Conquista, a\u00a0a\u00e7\u00e3o resgatou cinco trabalhadores em C\u00e2ndido Sales, regi\u00e3o sudoeste. Tr\u00eas deles na produ\u00e7\u00e3o de carv\u00e3o ilegal e dois no plantio de mandioca.<\/p>\n<p>J\u00e1 em Barra, no oeste do estado, cinco vigilantes que prestavam servi\u00e7o\u00a0para uma empresa de seguran\u00e7a privada contratada pelos propriet\u00e1rios de uma fazenda no munic\u00edpio foram resgatados em condi\u00e7\u00f5es subumanas, alojados em barrac\u00f5es de lona, sem \u00e1gua pot\u00e1vel nem prote\u00e7\u00e3o contra o tempo.<\/p>\n<p>As v\u00edtimas ainda aguardam o desfecho das negocia\u00e7\u00f5es com os empregadores para que possam receber os valores de rescis\u00e3o do contrato de trabalho e de indeniza\u00e7\u00e3o por danos morais. (Justi\u00e7a do Interior)<\/p>\n","protected":false},"excerpt":{"rendered":"<p>Uma empregada dom\u00e9stica foi resgatada em situa\u00e7\u00e3o an\u00e1loga a escravid\u00e3o em Vit\u00f3ria da Conquista, sudoeste da Bahia. A a\u00e7\u00e3o foi realizada no m\u00eas de agosto, durante a Opera\u00e7\u00e3o Resgate III, que resgatou onze trabalhadores baianos, em condi\u00e7\u00f5es de trabalho escravo. Segundo o Minist\u00e9rio P\u00fablico do Trabalho, as equipes da Opera\u00e7\u00e3o visitaram ainda tr\u00eas resid\u00eancias onde havia suspeita de trabalho an\u00e1logo \u00e0 escravid\u00e3o. Procuradores do MPT e advogados do empregador est\u00e3o negociando um termo de ajuste de conduta para garantir os pagamentos. A Opera\u00e7\u00e3o Resgate III, realizada em 22 estados e no Distrito Federal, teve como alvos resid\u00eancias suspeitas de abrigar [&hellip;]<\/p>\n","protected":false},"author":4,"featured_media":158726,"comment_status":"open","ping_status":"open","sticky":false,"template":"","format":"standard","meta":[],"categories":[311],"tags":[682,1780,2315,447],"_links":{"self":[{"href":"https:\/\/www.cronicasdeitarantim.com.br\/v1\/wp-json\/wp\/v2\/posts\/158725"}],"collection":[{"href":"https:\/\/www.cronicasdeitarantim.com.br\/v1\/wp-json\/wp\/v2\/posts"}],"about":[{"href":"https:\/\/www.cronicasdeitarantim.com.br\/v1\/wp-json\/wp\/v2\/types\/post"}],"author":[{"embeddable":true,"href":"https:\/\/www.cronicasdeitarantim.com.br\/v1\/wp-json\/wp\/v2\/users\/4"}],"replies":[{"embeddable":true,"href":"https:\/\/www.cronicasdeitarantim.com.br\/v1\/wp-json\/wp\/v2\/comments?post=158725"}],"version-history":[{"count":1,"href":"https:\/\/www.cronicasdeitarantim.com.br\/v1\/wp-json\/wp\/v2\/posts\/158725\/revisions"}],"predecessor-version":[{"id":158727,"href":"https:\/\/www.cronicasdeitarantim.com.br\/v1\/wp-json\/wp\/v2\/posts\/158725\/revisions\/158727"}],"wp:featuredmedia":[{"embeddable":true,"href":"https:\/\/www.cronicasdeitarantim.com.br\/v1\/wp-json\/wp\/v2\/media\/158726"}],"wp:attachment":[{"href":"https:\/\/www.cronicasdeitarantim.com.br\/v1\/wp-json\/wp\/v2\/media?parent=158725"}],"wp:term":[{"taxonomy":"category","embeddable":true,"href":"https:\/\/www.cronicasdeitarantim.com.br\/v1\/wp-json\/wp\/v2\/categories?post=158725"},{"taxonomy":"post_tag","embeddable":true,"href":"https:\/\/www.cronicasdeitarantim.com.br\/v1\/wp-json\/wp\/v2\/tags?post=158725"}],"curies":[{"name":"wp","href":"https:\/\/api.w.org\/{rel}","templated":true}]}}