{"id":158673,"date":"2023-09-05T16:39:05","date_gmt":"2023-09-05T19:39:05","guid":{"rendered":"https:\/\/www.cronicasdeitarantim.com.br\/v1\/?p=158673"},"modified":"2023-09-05T17:02:37","modified_gmt":"2023-09-05T20:02:37","slug":"professores-de-itarantim-foram-as-ruas-em-dia-de-paralisacao-cobrando-reajuste-do-piso","status":"publish","type":"post","link":"https:\/\/www.cronicasdeitarantim.com.br\/v1\/2023\/09\/05\/professores-de-itarantim-foram-as-ruas-em-dia-de-paralisacao-cobrando-reajuste-do-piso\/","title":{"rendered":"PROFESSORES DE ITARANTIM FORAM \u00c0S RUAS EM DIA DE PARALISA\u00c7\u00c3O COBRANDO REAJUSTE DO PISO"},"content":{"rendered":"<h4>Os professores\/as de Itarantim foram \u00e0s ruas na manh\u00e3 desta ter\u00e7a-feira (05), na semana da Independ\u00eancia do Brasil, para um ato de paralisa\u00e7\u00e3o na educa\u00e7\u00e3o municipal cobrando o reajuste do piso salarial. No ato os educadores levaram uma faixa citando o nome do prefeito F\u00e1bio Gusm\u00e3o com a frase &#8220;Sem o reajuste do piso salarial, o prefeito F\u00e1bio Gusm\u00e3o nos empurra para a greve&#8221;, foto em destaque.<\/h4>\n<div id=\"attachment_158678\" style=\"width: 740px\" class=\"wp-caption alignnone\"><a href=\"https:\/\/www.cronicasdeitarantim.com.br\/v1\/wp-content\/uploads\/2023\/09\/375264759_1772395846510989_1718211460545254350_n.jpg\"><img aria-describedby=\"caption-attachment-158678\" decoding=\"async\" loading=\"lazy\" class=\"wp-image-158678 size-full\" src=\"https:\/\/www.cronicasdeitarantim.com.br\/v1\/wp-content\/uploads\/2023\/09\/375264759_1772395846510989_1718211460545254350_n.jpg\" alt=\"\" width=\"730\" height=\"411\" srcset=\"https:\/\/www.cronicasdeitarantim.com.br\/v1\/wp-content\/uploads\/2023\/09\/375264759_1772395846510989_1718211460545254350_n.jpg 730w, https:\/\/www.cronicasdeitarantim.com.br\/v1\/wp-content\/uploads\/2023\/09\/375264759_1772395846510989_1718211460545254350_n-300x169.jpg 300w, https:\/\/www.cronicasdeitarantim.com.br\/v1\/wp-content\/uploads\/2023\/09\/375264759_1772395846510989_1718211460545254350_n-400x225.jpg 400w\" sizes=\"(max-width: 730px) 100vw, 730px\" \/><\/a><p id=\"caption-attachment-158678\" class=\"wp-caption-text\">Foto: Ana Clara\/Em-Pauta<\/p><\/div>\n<h4>Lembrando que os professores do munic\u00edpio est\u00e3o desde o ano passado tentando uma negocia\u00e7\u00e3o com a Prefeitura para chegar a um acordo do reajuste. Segundo a APLB, o que a Prefeitura ofereceu s\u00e3o valores muito abaixo do que pede a lei nacional que garante aos profissionais o direito.<\/h4>\n<div id=\"attachment_158679\" style=\"width: 740px\" class=\"wp-caption alignnone\"><a href=\"https:\/\/www.cronicasdeitarantim.com.br\/v1\/wp-content\/uploads\/2023\/09\/375142072_1772395623177678_1660652732933827462_n.jpg\"><img aria-describedby=\"caption-attachment-158679\" decoding=\"async\" loading=\"lazy\" class=\"wp-image-158679 size-full\" src=\"https:\/\/www.cronicasdeitarantim.com.br\/v1\/wp-content\/uploads\/2023\/09\/375142072_1772395623177678_1660652732933827462_n.jpg\" alt=\"\" width=\"730\" height=\"411\" srcset=\"https:\/\/www.cronicasdeitarantim.com.br\/v1\/wp-content\/uploads\/2023\/09\/375142072_1772395623177678_1660652732933827462_n.jpg 730w, https:\/\/www.cronicasdeitarantim.com.br\/v1\/wp-content\/uploads\/2023\/09\/375142072_1772395623177678_1660652732933827462_n-300x169.jpg 300w, https:\/\/www.cronicasdeitarantim.com.br\/v1\/wp-content\/uploads\/2023\/09\/375142072_1772395623177678_1660652732933827462_n-400x225.jpg 400w\" sizes=\"(max-width: 730px) 100vw, 730px\" \/><\/a><p id=\"caption-attachment-158679\" class=\"wp-caption-text\">Foto: Ana Clara\/Em-Pauta<\/p><\/div>\n<h4>O ato de paralisa\u00e7\u00e3o foi organizado pela APLB &#8211; Sindicato dos Trabalhadores em Educa\u00e7\u00e3o &#8211; N\u00facleo Itarantim e contou com o apoio das coordena\u00e7\u00f5es de APLBs de outros munic\u00edpios e com os diretores da Delegacia do Rio Catol\u00e9, o professor Renan Coelho e a professora N\u00e1dia Pereira Guimar\u00e3es, que ocuparam uma das ruas em frente da Secretaria de Educa\u00e7\u00e3o e em frente a Prefeitura Municipal da cidade.<\/h4>\n<div id=\"attachment_158680\" style=\"width: 740px\" class=\"wp-caption alignnone\"><a href=\"https:\/\/www.cronicasdeitarantim.com.br\/v1\/wp-content\/uploads\/2023\/09\/375283476_1772395486511025_1628460213639799028_n.jpg\"><img aria-describedby=\"caption-attachment-158680\" decoding=\"async\" loading=\"lazy\" class=\"wp-image-158680 size-full\" src=\"https:\/\/www.cronicasdeitarantim.com.br\/v1\/wp-content\/uploads\/2023\/09\/375283476_1772395486511025_1628460213639799028_n.jpg\" alt=\"\" width=\"730\" height=\"411\" srcset=\"https:\/\/www.cronicasdeitarantim.com.br\/v1\/wp-content\/uploads\/2023\/09\/375283476_1772395486511025_1628460213639799028_n.jpg 730w, https:\/\/www.cronicasdeitarantim.com.br\/v1\/wp-content\/uploads\/2023\/09\/375283476_1772395486511025_1628460213639799028_n-300x169.jpg 300w, https:\/\/www.cronicasdeitarantim.com.br\/v1\/wp-content\/uploads\/2023\/09\/375283476_1772395486511025_1628460213639799028_n-400x225.jpg 400w\" sizes=\"(max-width: 730px) 100vw, 730px\" \/><\/a><p id=\"caption-attachment-158680\" class=\"wp-caption-text\">Foto: Ana Clara\/Em-Pauta<\/p><\/div>\n<h4>O ato contou ainda com o apoio de vereadores da C\u00e2mara Municipal de Itarantim, o presidente do legislativo, Zeza Gigante, Naninho, Jeferson Moto T\u00e1xi e Juarez Fernandes.<\/h4>\n<h4>Ainda de acordo com informa\u00e7\u00f5es da dire\u00e7\u00e3o do sindicato, caso a Prefeitura n\u00e3o dialogue para negociar o reajuste com os profissionais, na pr\u00f3xima mais uma assembleia ser\u00e1 realizada para entrar numa greve geral no munic\u00edpio.<\/h4>\n<p><a href=\"https:\/\/www.cronicasdeitarantim.com.br\/v1\/wp-content\/uploads\/2023\/09\/375306723_1772401703177070_684763107356347520_n.jpg\"><img decoding=\"async\" loading=\"lazy\" class=\"alignnone size-full wp-image-158682\" src=\"https:\/\/www.cronicasdeitarantim.com.br\/v1\/wp-content\/uploads\/2023\/09\/375306723_1772401703177070_684763107356347520_n.jpg\" alt=\"\" width=\"730\" height=\"411\" srcset=\"https:\/\/www.cronicasdeitarantim.com.br\/v1\/wp-content\/uploads\/2023\/09\/375306723_1772401703177070_684763107356347520_n.jpg 730w, https:\/\/www.cronicasdeitarantim.com.br\/v1\/wp-content\/uploads\/2023\/09\/375306723_1772401703177070_684763107356347520_n-300x169.jpg 300w, https:\/\/www.cronicasdeitarantim.com.br\/v1\/wp-content\/uploads\/2023\/09\/375306723_1772401703177070_684763107356347520_n-400x225.jpg 400w\" sizes=\"(max-width: 730px) 100vw, 730px\" \/><\/a><\/p>\n<h4>Confira reportagem em v\u00eddeo de Ana Clara do Programa EM-PAUTA:<\/h4>\n<p><iframe loading=\"lazy\" title=\"Professores de Itarantim foram as ruas nesta ter\u00e7a-feira (05) em dia de paralisa\u00e7\u00e3o na educa\u00e7\u00e3o\" width=\"1200\" height=\"675\" src=\"https:\/\/www.youtube.com\/embed\/YG102dybVyY?feature=oembed\" frameborder=\"0\" allow=\"accelerometer; autoplay; clipboard-write; encrypted-media; gyroscope; picture-in-picture; web-share\" allowfullscreen><\/iframe><\/p>\n<p>&nbsp;<\/p>\n<p>&nbsp;<\/p>\n","protected":false},"excerpt":{"rendered":"<p>Os professores\/as de Itarantim foram \u00e0s ruas na manh\u00e3 desta ter\u00e7a-feira (05), na semana da Independ\u00eancia do Brasil, para um ato de paralisa\u00e7\u00e3o na educa\u00e7\u00e3o municipal cobrando o reajuste do piso salarial. No ato os educadores levaram uma faixa citando o nome do prefeito F\u00e1bio Gusm\u00e3o com a frase &#8220;Sem o reajuste do piso salarial, o prefeito F\u00e1bio Gusm\u00e3o nos empurra para a greve&#8221;, foto em destaque. Lembrando que os professores do munic\u00edpio est\u00e3o desde o ano passado tentando uma negocia\u00e7\u00e3o com a Prefeitura para chegar a um acordo do reajuste. Segundo a APLB, o que a Prefeitura ofereceu s\u00e3o [&hellip;]<\/p>\n","protected":false},"author":4,"featured_media":158674,"comment_status":"open","ping_status":"open","sticky":false,"template":"","format":"standard","meta":[],"categories":[1],"tags":[1700,1089,1780,130,1543,1544],"_links":{"self":[{"href":"https:\/\/www.cronicasdeitarantim.com.br\/v1\/wp-json\/wp\/v2\/posts\/158673"}],"collection":[{"href":"https:\/\/www.cronicasdeitarantim.com.br\/v1\/wp-json\/wp\/v2\/posts"}],"about":[{"href":"https:\/\/www.cronicasdeitarantim.com.br\/v1\/wp-json\/wp\/v2\/types\/post"}],"author":[{"embeddable":true,"href":"https:\/\/www.cronicasdeitarantim.com.br\/v1\/wp-json\/wp\/v2\/users\/4"}],"replies":[{"embeddable":true,"href":"https:\/\/www.cronicasdeitarantim.com.br\/v1\/wp-json\/wp\/v2\/comments?post=158673"}],"version-history":[{"count":4,"href":"https:\/\/www.cronicasdeitarantim.com.br\/v1\/wp-json\/wp\/v2\/posts\/158673\/revisions"}],"predecessor-version":[{"id":158683,"href":"https:\/\/www.cronicasdeitarantim.com.br\/v1\/wp-json\/wp\/v2\/posts\/158673\/revisions\/158683"}],"wp:featuredmedia":[{"embeddable":true,"href":"https:\/\/www.cronicasdeitarantim.com.br\/v1\/wp-json\/wp\/v2\/media\/158674"}],"wp:attachment":[{"href":"https:\/\/www.cronicasdeitarantim.com.br\/v1\/wp-json\/wp\/v2\/media?parent=158673"}],"wp:term":[{"taxonomy":"category","embeddable":true,"href":"https:\/\/www.cronicasdeitarantim.com.br\/v1\/wp-json\/wp\/v2\/categories?post=158673"},{"taxonomy":"post_tag","embeddable":true,"href":"https:\/\/www.cronicasdeitarantim.com.br\/v1\/wp-json\/wp\/v2\/tags?post=158673"}],"curies":[{"name":"wp","href":"https:\/\/api.w.org\/{rel}","templated":true}]}}