{"id":158647,"date":"2023-09-04T01:15:50","date_gmt":"2023-09-04T04:15:50","guid":{"rendered":"https:\/\/www.cronicasdeitarantim.com.br\/v1\/?p=158647"},"modified":"2023-09-04T01:26:59","modified_gmt":"2023-09-04T04:26:59","slug":"esporte-na-regiao-maiquinique-e-campeao-de-futsal-em-caatiba-e-selecao-de-itapetinga-na-segunda-fase-do-intermunicipal","status":"publish","type":"post","link":"https:\/\/www.cronicasdeitarantim.com.br\/v1\/2023\/09\/04\/esporte-na-regiao-maiquinique-e-campeao-de-futsal-em-caatiba-e-selecao-de-itapetinga-na-segunda-fase-do-intermunicipal\/","title":{"rendered":"Esporte na regi\u00e3o: Maiquinique \u00e9 campe\u00e3o de futsal em Caatiba e sele\u00e7\u00e3o de Itapetinga na segunda fase do intermunicipal"},"content":{"rendered":"<p>Time de futsal de Maiquinique foi campe\u00e3o da final da 2\u00aa Copa Zonal de Caatiba, realizada na cidade do M\u00e9dio Sudoeste. A equipe do Maiquinique Futsal Clube que disputou e teve desde o in\u00edcio o total apoio da Prefeitura de Maiquinique, atrav\u00e9s da Secretaria de Cultura Esporte e Lazer venceu na final o selecionado de Cara\u00edbas, uma das sele\u00e7\u00f5es mais tradicionais da regi\u00e3o sudoeste, pelo placar de 4&#215;1 em um jogo bastante emocionante.<\/p>\n<p>Destaque na partida, o goleiro Ot\u00e1vio Souza, do time de Maiquinique, foi o medalhista do campeonato como o goleiro menos vazado da temporada.<\/p>\n<p>O Secret\u00e1rio de Esporte, Jo\u00e3o Vitor, que tamb\u00e9m \u00e9 treinador da equipe, acompanhou em todas as partidas o time que, deu suporte t\u00e9cnico e tamb\u00e9m todo o suporte junto a pasta do esporte. Al\u00e9m do secret\u00e1rio, esteve presente tamb\u00e9m o vereador Juliano Silveira dando apoio ao time na competi\u00e7\u00e3o.<\/p>\n<p>Maiquinique al\u00e9m do trof\u00e9u de Campe\u00e3o, recebeu o pr\u00eamio de 3.000, 00 (tr\u00eas mil reais)<\/p>\n<blockquote>\n<h5>\u201cQuero parabenizar a nossa equipe campe\u00e3, a toda organiza\u00e7\u00e3o e em especial a nossa prefeita Val\u00e9ria Silveira que desde o in\u00edcio apoia grandemente o esporte da nossa cidade\u201d.<br \/>\nDestacou o secret\u00e1rio de esporte Jo\u00e3o Vitor.<\/h5>\n<\/blockquote>\n<h4>Intermunicipal 2023<\/h4>\n<p>J\u00e1 pelo o maior campeonato de futebol amador do pa\u00eds, o intermunicipal de sele\u00e7\u00f5es da Bahia, a sele\u00e7\u00e3o de Itapetinga, que \u00e9 a \u00fanica representante da nossa regi\u00e3o, empatou dentro de casa no est\u00e1dio Primaver\u00e3o com a sele\u00e7\u00e3o de Ibicara\u00ed pelo placar de 1 a 1. Com este resultado o selecionado itapetinguense ficou em segundo lugar e a sele\u00e7\u00e3o de Ibicara\u00ed em terceira no Grupo 12 que ainda tinha a sele\u00e7\u00e3o de Itapitanga, a primeira do grupo e a sele\u00e7\u00e3o de Po\u00e7\u00f5es que ficou fora da segunda fase.<\/p>\n<p><a href=\"https:\/\/www.cronicasdeitarantim.com.br\/v1\/wp-content\/uploads\/2023\/09\/370907569_1771540986596475_2993989811601525127_nsi.jpg\"><img decoding=\"async\" loading=\"lazy\" class=\"alignnone size-full wp-image-158650\" src=\"https:\/\/www.cronicasdeitarantim.com.br\/v1\/wp-content\/uploads\/2023\/09\/370907569_1771540986596475_2993989811601525127_nsi.jpg\" alt=\"\" width=\"537\" height=\"345\" srcset=\"https:\/\/www.cronicasdeitarantim.com.br\/v1\/wp-content\/uploads\/2023\/09\/370907569_1771540986596475_2993989811601525127_nsi.jpg 537w, https:\/\/www.cronicasdeitarantim.com.br\/v1\/wp-content\/uploads\/2023\/09\/370907569_1771540986596475_2993989811601525127_nsi-300x193.jpg 300w, https:\/\/www.cronicasdeitarantim.com.br\/v1\/wp-content\/uploads\/2023\/09\/370907569_1771540986596475_2993989811601525127_nsi-400x257.jpg 400w\" sizes=\"(max-width: 537px) 100vw, 537px\" \/><\/a><\/p>\n<p>Agora Itapetinga ir\u00e1 pegar na segunda fase a sele\u00e7\u00e3o do sul da Bahia, Coaraci, em jogo de mata-mata ida e volta sendo o primeiro jogo em Itapetinga e o segundo na cidade de Coaraci pela sele\u00e7\u00e3o do sul baiano ter feito melhor campanha.<\/p>\n","protected":false},"excerpt":{"rendered":"<p>Time de futsal de Maiquinique foi campe\u00e3o da final da 2\u00aa Copa Zonal de Caatiba, realizada na cidade do M\u00e9dio Sudoeste. A equipe do Maiquinique Futsal Clube que disputou e teve desde o in\u00edcio o total apoio da Prefeitura de Maiquinique, atrav\u00e9s da Secretaria de Cultura Esporte e Lazer venceu na final o selecionado de Cara\u00edbas, uma das sele\u00e7\u00f5es mais tradicionais da regi\u00e3o sudoeste, pelo placar de 4&#215;1 em um jogo bastante emocionante. Destaque na partida, o goleiro Ot\u00e1vio Souza, do time de Maiquinique, foi o medalhista do campeonato como o goleiro menos vazado da temporada. O Secret\u00e1rio de Esporte, [&hellip;]<\/p>\n","protected":false},"author":4,"featured_media":158648,"comment_status":"open","ping_status":"open","sticky":false,"template":"","format":"standard","meta":[],"categories":[299],"tags":[1780,137,425,392,1765,427],"_links":{"self":[{"href":"https:\/\/www.cronicasdeitarantim.com.br\/v1\/wp-json\/wp\/v2\/posts\/158647"}],"collection":[{"href":"https:\/\/www.cronicasdeitarantim.com.br\/v1\/wp-json\/wp\/v2\/posts"}],"about":[{"href":"https:\/\/www.cronicasdeitarantim.com.br\/v1\/wp-json\/wp\/v2\/types\/post"}],"author":[{"embeddable":true,"href":"https:\/\/www.cronicasdeitarantim.com.br\/v1\/wp-json\/wp\/v2\/users\/4"}],"replies":[{"embeddable":true,"href":"https:\/\/www.cronicasdeitarantim.com.br\/v1\/wp-json\/wp\/v2\/comments?post=158647"}],"version-history":[{"count":2,"href":"https:\/\/www.cronicasdeitarantim.com.br\/v1\/wp-json\/wp\/v2\/posts\/158647\/revisions"}],"predecessor-version":[{"id":158651,"href":"https:\/\/www.cronicasdeitarantim.com.br\/v1\/wp-json\/wp\/v2\/posts\/158647\/revisions\/158651"}],"wp:featuredmedia":[{"embeddable":true,"href":"https:\/\/www.cronicasdeitarantim.com.br\/v1\/wp-json\/wp\/v2\/media\/158648"}],"wp:attachment":[{"href":"https:\/\/www.cronicasdeitarantim.com.br\/v1\/wp-json\/wp\/v2\/media?parent=158647"}],"wp:term":[{"taxonomy":"category","embeddable":true,"href":"https:\/\/www.cronicasdeitarantim.com.br\/v1\/wp-json\/wp\/v2\/categories?post=158647"},{"taxonomy":"post_tag","embeddable":true,"href":"https:\/\/www.cronicasdeitarantim.com.br\/v1\/wp-json\/wp\/v2\/tags?post=158647"}],"curies":[{"name":"wp","href":"https:\/\/api.w.org\/{rel}","templated":true}]}}