{"id":158576,"date":"2023-08-30T19:11:01","date_gmt":"2023-08-30T22:11:01","guid":{"rendered":"https:\/\/www.cronicasdeitarantim.com.br\/v1\/?p=158576"},"modified":"2023-08-30T22:28:28","modified_gmt":"2023-08-31T01:28:28","slug":"itarantim-vice-prefeito-e-vereador-tomou-chapeu-de-novatos-na-politica-e-perde-partido","status":"publish","type":"post","link":"https:\/\/www.cronicasdeitarantim.com.br\/v1\/2023\/08\/30\/itarantim-vice-prefeito-e-vereador-tomou-chapeu-de-novatos-na-politica-e-perde-partido\/","title":{"rendered":"ITARANTIM] Vice-prefeito e vereador tomou &#8220;chap\u00e9u&#8221; de novatos na pol\u00edtica e perde partido"},"content":{"rendered":"<h4>O vice-prefeito de Itarantim, Cl\u00e1udio da Padaria, tomou um &#8220;chap\u00e9u&#8221; na calada da noite e ficou sem a coordena\u00e7\u00e3o do partido que foi eleito vice, o Partido Liberal (PL) em Itarantim.<\/h4>\n<h4>Al\u00e9m do vice-prefeito, o presidente at\u00e9 ent\u00e3o da sigla, o vereador Dudu dos Tutas, tamb\u00e9m ficou desarmado com a articula\u00e7\u00e3o que tirou deles o partido.<\/h4>\n<h4>Na elei\u00e7\u00e3o de 2022 para deputados, Cl\u00e1udio da Padaria deu ao seu deputado 579 votos para Raimundinho da JR que foi eleito para estadual. J\u00e1 o vereador Dudu, deu ao seu candidato, Z\u00e9 Alberto, 482 votos, Alberto n\u00e3o foi eleito.<\/h4>\n<h4>Com os deputados para federal, Cl\u00e1udio apoiou o Capit\u00e3o Alden, dando 245 votos. Dudu por sua vez deu ao seu federal, F\u00e1bio Villas Boas, 456 votos.<\/h4>\n<h4>Somando o n\u00famero de votos dos dois pol\u00edticos, chega a um total de 1.061 votos somente para estadual. Um n\u00famero bastante robusto de dois pol\u00edticos experientes na cidade que perdeu o partido para novatos que est\u00e3o engajando na pol\u00edtica recentemente.<\/h4>\n<h4>De acordo com informa\u00e7\u00f5es, o partido foi tomado pelo jovem Felipe que apoiou no munic\u00edpio a candidata K\u00e1tia Bacelar dando 163 votos.<\/h4>\n<h4>O site conversou com o vereador Dudu dos Tutas, que nos afirmou que, tudo indica que seu destino \u00e9 o PSD do prefeito F\u00e1bio Gusm\u00e3o e que ele n\u00e3o teria mais interesse no PL que tem muita liga\u00e7\u00e3o com o ex-presidente Bolsonaro.<\/h4>\n<h4>J\u00e1 Cl\u00e1udio, nossa reda\u00e7\u00e3o o procurou, ele afirmou para site que se viu surpreso com a situa\u00e7\u00e3o do partido ter iso parar nas m\u00e3os de outras pessoas. Ele disse ainda que n\u00e3o tem interesse de sair da sigla, j\u00e1 que tem muita afinidade com o partido.<\/h4>\n<h4>Ele finalizou dizendo que ir\u00e1 entrar em contato com lideran\u00e7as do estado para rever a situa\u00e7\u00e3o do partido no munic\u00edpio.<\/h4>\n<h4>Lembrando que, o presidente do PL no estado \u00e9 o ex-candidato ao governo do estado, Jo\u00e3o Roma que perdeu para Jer\u00f4nimo Rodrigues (PT).<\/h4>\n","protected":false},"excerpt":{"rendered":"<p>O vice-prefeito de Itarantim, Cl\u00e1udio da Padaria, tomou um &#8220;chap\u00e9u&#8221; na calada da noite e ficou sem a coordena\u00e7\u00e3o do partido que foi eleito vice, o Partido Liberal (PL) em Itarantim. Al\u00e9m do vice-prefeito, o presidente at\u00e9 ent\u00e3o da sigla, o vereador Dudu dos Tutas, tamb\u00e9m ficou desarmado com a articula\u00e7\u00e3o que tirou deles o partido. Na elei\u00e7\u00e3o de 2022 para deputados, Cl\u00e1udio da Padaria deu ao seu deputado 579 votos para Raimundinho da JR que foi eleito para estadual. J\u00e1 o vereador Dudu, deu ao seu candidato, Z\u00e9 Alberto, 482 votos, Alberto n\u00e3o foi eleito. Com os deputados para [&hellip;]<\/p>\n","protected":false},"author":4,"featured_media":158544,"comment_status":"open","ping_status":"open","sticky":false,"template":"","format":"standard","meta":[],"categories":[304],"tags":[1780,385,1155,2247],"_links":{"self":[{"href":"https:\/\/www.cronicasdeitarantim.com.br\/v1\/wp-json\/wp\/v2\/posts\/158576"}],"collection":[{"href":"https:\/\/www.cronicasdeitarantim.com.br\/v1\/wp-json\/wp\/v2\/posts"}],"about":[{"href":"https:\/\/www.cronicasdeitarantim.com.br\/v1\/wp-json\/wp\/v2\/types\/post"}],"author":[{"embeddable":true,"href":"https:\/\/www.cronicasdeitarantim.com.br\/v1\/wp-json\/wp\/v2\/users\/4"}],"replies":[{"embeddable":true,"href":"https:\/\/www.cronicasdeitarantim.com.br\/v1\/wp-json\/wp\/v2\/comments?post=158576"}],"version-history":[{"count":6,"href":"https:\/\/www.cronicasdeitarantim.com.br\/v1\/wp-json\/wp\/v2\/posts\/158576\/revisions"}],"predecessor-version":[{"id":158587,"href":"https:\/\/www.cronicasdeitarantim.com.br\/v1\/wp-json\/wp\/v2\/posts\/158576\/revisions\/158587"}],"wp:featuredmedia":[{"embeddable":true,"href":"https:\/\/www.cronicasdeitarantim.com.br\/v1\/wp-json\/wp\/v2\/media\/158544"}],"wp:attachment":[{"href":"https:\/\/www.cronicasdeitarantim.com.br\/v1\/wp-json\/wp\/v2\/media?parent=158576"}],"wp:term":[{"taxonomy":"category","embeddable":true,"href":"https:\/\/www.cronicasdeitarantim.com.br\/v1\/wp-json\/wp\/v2\/categories?post=158576"},{"taxonomy":"post_tag","embeddable":true,"href":"https:\/\/www.cronicasdeitarantim.com.br\/v1\/wp-json\/wp\/v2\/tags?post=158576"}],"curies":[{"name":"wp","href":"https:\/\/api.w.org\/{rel}","templated":true}]}}