{"id":158495,"date":"2023-08-27T20:38:22","date_gmt":"2023-08-27T23:38:22","guid":{"rendered":"https:\/\/www.cronicasdeitarantim.com.br\/v1\/?p=158495"},"modified":"2023-08-27T20:48:16","modified_gmt":"2023-08-27T23:48:16","slug":"cantora-maria-marcal-se-apresenta-para-evangelicos-em-itarantim","status":"publish","type":"post","link":"https:\/\/www.cronicasdeitarantim.com.br\/v1\/2023\/08\/27\/cantora-maria-marcal-se-apresenta-para-evangelicos-em-itarantim\/","title":{"rendered":"CANTORA MARIA MAR\u00c7AL SE APRESENTA PARA EVANG\u00c9LICOS EM ITARANTIM"},"content":{"rendered":"<h4>Os evang\u00e9licos de Itarantim realizaram neste s\u00e1bado (26) um show gospel com a cantora Maria Mar\u00e7al que se apresentou pela primeira vez na cidade e levou o p\u00fablico a cantar suas can\u00e7\u00f5es mais conhecidas. O espa\u00e7o da pra\u00e7a da Prefeitura ficou bastante lotado com a apresenta\u00e7\u00e3o da cantora que \u00e9 bastante jovem e vem fazendo bastante sucesso no Brasil. Al\u00e9m da comunidade evang\u00e9lica de Itarantim, a cantora atraiu gente de toda regi\u00e3o que celebrou e louvou a Deus na noite do s\u00e1bado.<\/h4>\n<p><a href=\"https:\/\/www.cronicasdeitarantim.com.br\/v1\/wp-content\/uploads\/2023\/08\/370832570_1767730033644237_5389655910885524414_n.jpg\"><img decoding=\"async\" loading=\"lazy\" class=\"alignnone size-full wp-image-158501\" src=\"https:\/\/www.cronicasdeitarantim.com.br\/v1\/wp-content\/uploads\/2023\/08\/370832570_1767730033644237_5389655910885524414_n.jpg\" alt=\"\" width=\"593\" height=\"395\" \/><\/a><\/p>\n<h4>Confira alguns momentos da apresenta\u00e7\u00e3o da cantora e fotografias:<\/h4>\n<p><iframe loading=\"lazy\" title=\"Comunidade evang\u00e9lica de Itarantim realiza show gospel com a cantora Maria Mar\u00e7al.\" width=\"1200\" height=\"675\" src=\"https:\/\/www.youtube.com\/embed\/71F4yCYsSp0?feature=oembed\" frameborder=\"0\" allow=\"accelerometer; autoplay; clipboard-write; encrypted-media; gyroscope; picture-in-picture; web-share\" allowfullscreen><\/iframe><\/p>\n<p><iframe loading=\"lazy\" title=\"Evang\u00e9licos de Itarantim realiza show neste final de semana\" width=\"1200\" height=\"675\" src=\"https:\/\/www.youtube.com\/embed\/vfFTFI3erVk?feature=oembed\" frameborder=\"0\" allow=\"accelerometer; autoplay; clipboard-write; encrypted-media; gyroscope; picture-in-picture; web-share\" allowfullscreen><\/iframe><\/p>\n<p><a href=\"https:\/\/www.cronicasdeitarantim.com.br\/v1\/wp-content\/uploads\/2023\/08\/371768286_1767729933644247_2047399268364749240_n.jpg\"><img decoding=\"async\" loading=\"lazy\" class=\"alignnone size-full wp-image-158516\" src=\"https:\/\/www.cronicasdeitarantim.com.br\/v1\/wp-content\/uploads\/2023\/08\/371768286_1767729933644247_2047399268364749240_n.jpg\" alt=\"\" width=\"593\" height=\"395\" \/><\/a> <a href=\"https:\/\/www.cronicasdeitarantim.com.br\/v1\/wp-content\/uploads\/2023\/08\/371445879_1767729473644293_5980567426243823083_n.jpg\"><img decoding=\"async\" loading=\"lazy\" class=\"alignnone size-full wp-image-158515\" src=\"https:\/\/www.cronicasdeitarantim.com.br\/v1\/wp-content\/uploads\/2023\/08\/371445879_1767729473644293_5980567426243823083_n.jpg\" alt=\"\" width=\"593\" height=\"395\" \/><\/a> <a href=\"https:\/\/www.cronicasdeitarantim.com.br\/v1\/wp-content\/uploads\/2023\/08\/371368320_1767730320310875_1741865689174721540_n.jpg\"><img decoding=\"async\" loading=\"lazy\" class=\"alignnone size-full wp-image-158514\" src=\"https:\/\/www.cronicasdeitarantim.com.br\/v1\/wp-content\/uploads\/2023\/08\/371368320_1767730320310875_1741865689174721540_n.jpg\" alt=\"\" width=\"593\" height=\"395\" \/><\/a> <a href=\"https:\/\/www.cronicasdeitarantim.com.br\/v1\/wp-content\/uploads\/2023\/08\/371361093_1767731663644074_1160839116480744336_n.jpg\"><img decoding=\"async\" loading=\"lazy\" class=\"alignnone size-full wp-image-158513\" src=\"https:\/\/www.cronicasdeitarantim.com.br\/v1\/wp-content\/uploads\/2023\/08\/371361093_1767731663644074_1160839116480744336_n.jpg\" alt=\"\" width=\"600\" height=\"277\" \/><\/a> <a href=\"https:\/\/www.cronicasdeitarantim.com.br\/v1\/wp-content\/uploads\/2023\/08\/371358679_1767730863644154_256552324885271081_n.jpg\"><img decoding=\"async\" loading=\"lazy\" class=\"alignnone size-full wp-image-158512\" src=\"https:\/\/www.cronicasdeitarantim.com.br\/v1\/wp-content\/uploads\/2023\/08\/371358679_1767730863644154_256552324885271081_n.jpg\" alt=\"\" width=\"593\" height=\"395\" \/><\/a> <a href=\"https:\/\/www.cronicasdeitarantim.com.br\/v1\/wp-content\/uploads\/2023\/08\/371354152_1767730323644208_4609089083336771641_n.jpg\"><img decoding=\"async\" loading=\"lazy\" class=\"alignnone size-full wp-image-158511\" src=\"https:\/\/www.cronicasdeitarantim.com.br\/v1\/wp-content\/uploads\/2023\/08\/371354152_1767730323644208_4609089083336771641_n.jpg\" alt=\"\" width=\"593\" height=\"395\" \/><\/a> <a href=\"https:\/\/www.cronicasdeitarantim.com.br\/v1\/wp-content\/uploads\/2023\/08\/371344624_1767731170310790_1489992579291661268_n.jpg\"><img decoding=\"async\" loading=\"lazy\" class=\"alignnone size-full wp-image-158510\" src=\"https:\/\/www.cronicasdeitarantim.com.br\/v1\/wp-content\/uploads\/2023\/08\/371344624_1767731170310790_1489992579291661268_n.jpg\" alt=\"\" width=\"593\" height=\"395\" \/><\/a> <a href=\"https:\/\/www.cronicasdeitarantim.com.br\/v1\/wp-content\/uploads\/2023\/08\/371329107_1767731556977418_8969042908260128584_n.jpg\"><img decoding=\"async\" loading=\"lazy\" class=\"alignnone size-full wp-image-158509\" src=\"https:\/\/www.cronicasdeitarantim.com.br\/v1\/wp-content\/uploads\/2023\/08\/371329107_1767731556977418_8969042908260128584_n.jpg\" alt=\"\" width=\"600\" height=\"277\" \/><\/a> <a href=\"https:\/\/www.cronicasdeitarantim.com.br\/v1\/wp-content\/uploads\/2023\/08\/370869206_1767730390310868_4752105350502545365_n.jpg\"><img decoding=\"async\" loading=\"lazy\" class=\"alignnone size-full wp-image-158507\" src=\"https:\/\/www.cronicasdeitarantim.com.br\/v1\/wp-content\/uploads\/2023\/08\/370869206_1767730390310868_4752105350502545365_n.jpg\" alt=\"\" width=\"593\" height=\"395\" \/><\/a> <a href=\"https:\/\/www.cronicasdeitarantim.com.br\/v1\/wp-content\/uploads\/2023\/08\/371322015_1767730813644159_6727103574804172129_n.jpg\"><img decoding=\"async\" loading=\"lazy\" class=\"alignnone size-full wp-image-158508\" src=\"https:\/\/www.cronicasdeitarantim.com.br\/v1\/wp-content\/uploads\/2023\/08\/371322015_1767730813644159_6727103574804172129_n.jpg\" alt=\"\" width=\"593\" height=\"395\" \/><\/a> <a href=\"https:\/\/www.cronicasdeitarantim.com.br\/v1\/wp-content\/uploads\/2023\/08\/370830923_1767732136977360_8241443746890192213_n.jpg\"><img decoding=\"async\" loading=\"lazy\" class=\"alignnone size-full wp-image-158506\" src=\"https:\/\/www.cronicasdeitarantim.com.br\/v1\/wp-content\/uploads\/2023\/08\/370830923_1767732136977360_8241443746890192213_n.jpg\" alt=\"\" width=\"600\" height=\"277\" \/><\/a> <a href=\"https:\/\/www.cronicasdeitarantim.com.br\/v1\/wp-content\/uploads\/2023\/08\/370685925_1767731636977410_4693675035352043958_n.jpg\"><img decoding=\"async\" loading=\"lazy\" class=\"alignnone size-full wp-image-158505\" src=\"https:\/\/www.cronicasdeitarantim.com.br\/v1\/wp-content\/uploads\/2023\/08\/370685925_1767731636977410_4693675035352043958_n.jpg\" alt=\"\" width=\"600\" height=\"277\" \/><\/a> <a href=\"https:\/\/www.cronicasdeitarantim.com.br\/v1\/wp-content\/uploads\/2023\/08\/370607627_1767731216977452_4925631289011777872_n.jpg\"><img decoding=\"async\" loading=\"lazy\" class=\"alignnone size-full wp-image-158503\" src=\"https:\/\/www.cronicasdeitarantim.com.br\/v1\/wp-content\/uploads\/2023\/08\/370607627_1767731216977452_4925631289011777872_n.jpg\" alt=\"\" width=\"600\" height=\"277\" \/><\/a> <a href=\"https:\/\/www.cronicasdeitarantim.com.br\/v1\/wp-content\/uploads\/2023\/08\/370610619_1767731253644115_2436147304969762316_n.jpg\"><img decoding=\"async\" loading=\"lazy\" class=\"alignnone size-full wp-image-158504\" src=\"https:\/\/www.cronicasdeitarantim.com.br\/v1\/wp-content\/uploads\/2023\/08\/370610619_1767731253644115_2436147304969762316_n.jpg\" alt=\"\" width=\"600\" height=\"277\" \/><\/a><\/p>\n","protected":false},"excerpt":{"rendered":"<p>Os evang\u00e9licos de Itarantim realizaram neste s\u00e1bado (26) um show gospel com a cantora Maria Mar\u00e7al que se apresentou pela primeira vez na cidade e levou o p\u00fablico a cantar suas can\u00e7\u00f5es mais conhecidas. O espa\u00e7o da pra\u00e7a da Prefeitura ficou bastante lotado com a apresenta\u00e7\u00e3o da cantora que \u00e9 bastante jovem e vem fazendo bastante sucesso no Brasil. Al\u00e9m da comunidade evang\u00e9lica de Itarantim, a cantora atraiu gente de toda regi\u00e3o que celebrou e louvou a Deus na noite do s\u00e1bado. Confira alguns momentos da apresenta\u00e7\u00e3o da cantora e fotografias:<\/p>\n","protected":false},"author":4,"featured_media":158496,"comment_status":"open","ping_status":"open","sticky":false,"template":"","format":"standard","meta":[],"categories":[310],"tags":[1780,1886,2293,385],"_links":{"self":[{"href":"https:\/\/www.cronicasdeitarantim.com.br\/v1\/wp-json\/wp\/v2\/posts\/158495"}],"collection":[{"href":"https:\/\/www.cronicasdeitarantim.com.br\/v1\/wp-json\/wp\/v2\/posts"}],"about":[{"href":"https:\/\/www.cronicasdeitarantim.com.br\/v1\/wp-json\/wp\/v2\/types\/post"}],"author":[{"embeddable":true,"href":"https:\/\/www.cronicasdeitarantim.com.br\/v1\/wp-json\/wp\/v2\/users\/4"}],"replies":[{"embeddable":true,"href":"https:\/\/www.cronicasdeitarantim.com.br\/v1\/wp-json\/wp\/v2\/comments?post=158495"}],"version-history":[{"count":5,"href":"https:\/\/www.cronicasdeitarantim.com.br\/v1\/wp-json\/wp\/v2\/posts\/158495\/revisions"}],"predecessor-version":[{"id":158517,"href":"https:\/\/www.cronicasdeitarantim.com.br\/v1\/wp-json\/wp\/v2\/posts\/158495\/revisions\/158517"}],"wp:featuredmedia":[{"embeddable":true,"href":"https:\/\/www.cronicasdeitarantim.com.br\/v1\/wp-json\/wp\/v2\/media\/158496"}],"wp:attachment":[{"href":"https:\/\/www.cronicasdeitarantim.com.br\/v1\/wp-json\/wp\/v2\/media?parent=158495"}],"wp:term":[{"taxonomy":"category","embeddable":true,"href":"https:\/\/www.cronicasdeitarantim.com.br\/v1\/wp-json\/wp\/v2\/categories?post=158495"},{"taxonomy":"post_tag","embeddable":true,"href":"https:\/\/www.cronicasdeitarantim.com.br\/v1\/wp-json\/wp\/v2\/tags?post=158495"}],"curies":[{"name":"wp","href":"https:\/\/api.w.org\/{rel}","templated":true}]}}