{"id":158492,"date":"2023-08-27T18:57:18","date_gmt":"2023-08-27T21:57:18","guid":{"rendered":"https:\/\/www.cronicasdeitarantim.com.br\/v1\/?p=158492"},"modified":"2023-08-27T18:57:18","modified_gmt":"2023-08-27T21:57:18","slug":"homicida-e-preso-em-cidade-da-regiao-com-submetralhadora","status":"publish","type":"post","link":"https:\/\/www.cronicasdeitarantim.com.br\/v1\/2023\/08\/27\/homicida-e-preso-em-cidade-da-regiao-com-submetralhadora\/","title":{"rendered":"Homicida \u00e9 preso em cidade da regi\u00e3o com submetralhadora"},"content":{"rendered":"<div class=\"er-text\">\n<h4>Um homicida e mais dois comparsas, entre eles um adolescente, foram localizados com uma submetralhadora, um ve\u00edculo com restri\u00e7\u00e3o de roubo e muni\u00e7\u00f5es, na localidade do Loteamento Asa Branca, em\u00a0<strong>Jequi\u00e9<\/strong>, na regi\u00e3o sudoeste da Bahia, neste s\u00e1bado (26), como informou o site Achei Sudoeste.<\/h4>\n<h4>O flagrante ocorreu ap\u00f3s abordagem do 19\u00ba Batalh\u00e3o da Pol\u00edcia Militar (BPM). Guarni\u00e7\u00f5es patrulhavam na localidade quando visualizaram manobras irregulares praticadas pelo condutor de um ve\u00edculo modelo \u00d4nix. \u201cEssa \u00e9 mais uma arma apreendida por nossas equipes. Neste ano s\u00e3o mais de 70 retiradas das ruas\u201d, contou o tenente-coronel M\u00e1rcio Amorim, comandante do Batalh\u00e3o.<\/h4>\n<h4>O trio foi encaminhado \u00e0 Delegacia Territorial (DT) de Jequi\u00e9. Dois foram autuados por porte ilegal de arma de fogo e recepta\u00e7\u00e3o, segundo o delegado titular, Moabe Macedo.<\/h4>\n<\/div>\n","protected":false},"excerpt":{"rendered":"<p>Um homicida e mais dois comparsas, entre eles um adolescente, foram localizados com uma submetralhadora, um ve\u00edculo com restri\u00e7\u00e3o de roubo e muni\u00e7\u00f5es, na localidade do Loteamento Asa Branca, em\u00a0Jequi\u00e9, na regi\u00e3o sudoeste da Bahia, neste s\u00e1bado (26), como informou o site Achei Sudoeste. O flagrante ocorreu ap\u00f3s abordagem do 19\u00ba Batalh\u00e3o da Pol\u00edcia Militar (BPM). Guarni\u00e7\u00f5es patrulhavam na localidade quando visualizaram manobras irregulares praticadas pelo condutor de um ve\u00edculo modelo \u00d4nix. \u201cEssa \u00e9 mais uma arma apreendida por nossas equipes. Neste ano s\u00e3o mais de 70 retiradas das ruas\u201d, contou o tenente-coronel M\u00e1rcio Amorim, comandante do Batalh\u00e3o. O trio [&hellip;]<\/p>\n","protected":false},"author":4,"featured_media":158493,"comment_status":"open","ping_status":"open","sticky":false,"template":"","format":"standard","meta":[],"categories":[306],"tags":[716,1780,841,673,434],"_links":{"self":[{"href":"https:\/\/www.cronicasdeitarantim.com.br\/v1\/wp-json\/wp\/v2\/posts\/158492"}],"collection":[{"href":"https:\/\/www.cronicasdeitarantim.com.br\/v1\/wp-json\/wp\/v2\/posts"}],"about":[{"href":"https:\/\/www.cronicasdeitarantim.com.br\/v1\/wp-json\/wp\/v2\/types\/post"}],"author":[{"embeddable":true,"href":"https:\/\/www.cronicasdeitarantim.com.br\/v1\/wp-json\/wp\/v2\/users\/4"}],"replies":[{"embeddable":true,"href":"https:\/\/www.cronicasdeitarantim.com.br\/v1\/wp-json\/wp\/v2\/comments?post=158492"}],"version-history":[{"count":1,"href":"https:\/\/www.cronicasdeitarantim.com.br\/v1\/wp-json\/wp\/v2\/posts\/158492\/revisions"}],"predecessor-version":[{"id":158494,"href":"https:\/\/www.cronicasdeitarantim.com.br\/v1\/wp-json\/wp\/v2\/posts\/158492\/revisions\/158494"}],"wp:featuredmedia":[{"embeddable":true,"href":"https:\/\/www.cronicasdeitarantim.com.br\/v1\/wp-json\/wp\/v2\/media\/158493"}],"wp:attachment":[{"href":"https:\/\/www.cronicasdeitarantim.com.br\/v1\/wp-json\/wp\/v2\/media?parent=158492"}],"wp:term":[{"taxonomy":"category","embeddable":true,"href":"https:\/\/www.cronicasdeitarantim.com.br\/v1\/wp-json\/wp\/v2\/categories?post=158492"},{"taxonomy":"post_tag","embeddable":true,"href":"https:\/\/www.cronicasdeitarantim.com.br\/v1\/wp-json\/wp\/v2\/tags?post=158492"}],"curies":[{"name":"wp","href":"https:\/\/api.w.org\/{rel}","templated":true}]}}