{"id":158417,"date":"2023-08-23T13:35:06","date_gmt":"2023-08-23T16:35:06","guid":{"rendered":"https:\/\/www.cronicasdeitarantim.com.br\/v1\/?p=158417"},"modified":"2023-08-23T15:42:37","modified_gmt":"2023-08-23T18:42:37","slug":"carro-roubado-foi-apreendido-em-itarantim-pela-policia-militar","status":"publish","type":"post","link":"https:\/\/www.cronicasdeitarantim.com.br\/v1\/2023\/08\/23\/carro-roubado-foi-apreendido-em-itarantim-pela-policia-militar\/","title":{"rendered":"CARRO ROUBADO FOI APREENDIDO EM ITARANTIM PELA POL\u00cdCIA MILITAR"},"content":{"rendered":"<h4>Um carro com restri\u00e7\u00e3o de roubo foi apreendido pela Pol\u00edcia Militar de Itarantim na manh\u00e3 desta ter\u00e7a-feira (22) no Bairro Cajazeiras numa rua localizada pelo nome de Rua B. A pol\u00edcia chegou at\u00e9 o local atrav\u00e9s de uma den\u00fancia que chegando ao local constatou que o ve\u00edculo Fiat\/Estrada Working de cor branca tinha de fato restri\u00e7\u00e3o de roubo. Ainda de acordo com informa\u00e7\u00f5es da pol\u00edcia o ve\u00edculo foi apreendido e apresentado na Delegacia Territorial da cidade para medidas cab\u00edveis<\/h4>\n<p>&nbsp;<\/p>\n","protected":false},"excerpt":{"rendered":"<p>Um carro com restri\u00e7\u00e3o de roubo foi apreendido pela Pol\u00edcia Militar de Itarantim na manh\u00e3 desta ter\u00e7a-feira (22) no Bairro Cajazeiras numa rua localizada pelo nome de Rua B. A pol\u00edcia chegou at\u00e9 o local atrav\u00e9s de uma den\u00fancia que chegando ao local constatou que o ve\u00edculo Fiat\/Estrada Working de cor branca tinha de fato restri\u00e7\u00e3o de roubo. Ainda de acordo com informa\u00e7\u00f5es da pol\u00edcia o ve\u00edculo foi apreendido e apresentado na Delegacia Territorial da cidade para medidas cab\u00edveis &nbsp;<\/p>\n","protected":false},"author":4,"featured_media":158418,"comment_status":"open","ping_status":"open","sticky":false,"template":"","format":"standard","meta":[],"categories":[306],"tags":[1780,928,385,537,2287],"_links":{"self":[{"href":"https:\/\/www.cronicasdeitarantim.com.br\/v1\/wp-json\/wp\/v2\/posts\/158417"}],"collection":[{"href":"https:\/\/www.cronicasdeitarantim.com.br\/v1\/wp-json\/wp\/v2\/posts"}],"about":[{"href":"https:\/\/www.cronicasdeitarantim.com.br\/v1\/wp-json\/wp\/v2\/types\/post"}],"author":[{"embeddable":true,"href":"https:\/\/www.cronicasdeitarantim.com.br\/v1\/wp-json\/wp\/v2\/users\/4"}],"replies":[{"embeddable":true,"href":"https:\/\/www.cronicasdeitarantim.com.br\/v1\/wp-json\/wp\/v2\/comments?post=158417"}],"version-history":[{"count":2,"href":"https:\/\/www.cronicasdeitarantim.com.br\/v1\/wp-json\/wp\/v2\/posts\/158417\/revisions"}],"predecessor-version":[{"id":158420,"href":"https:\/\/www.cronicasdeitarantim.com.br\/v1\/wp-json\/wp\/v2\/posts\/158417\/revisions\/158420"}],"wp:featuredmedia":[{"embeddable":true,"href":"https:\/\/www.cronicasdeitarantim.com.br\/v1\/wp-json\/wp\/v2\/media\/158418"}],"wp:attachment":[{"href":"https:\/\/www.cronicasdeitarantim.com.br\/v1\/wp-json\/wp\/v2\/media?parent=158417"}],"wp:term":[{"taxonomy":"category","embeddable":true,"href":"https:\/\/www.cronicasdeitarantim.com.br\/v1\/wp-json\/wp\/v2\/categories?post=158417"},{"taxonomy":"post_tag","embeddable":true,"href":"https:\/\/www.cronicasdeitarantim.com.br\/v1\/wp-json\/wp\/v2\/tags?post=158417"}],"curies":[{"name":"wp","href":"https:\/\/api.w.org\/{rel}","templated":true}]}}