{"id":158356,"date":"2023-08-20T14:21:16","date_gmt":"2023-08-20T17:21:16","guid":{"rendered":"https:\/\/www.cronicasdeitarantim.com.br\/v1\/?p=158356"},"modified":"2023-08-20T14:26:26","modified_gmt":"2023-08-20T17:26:26","slug":"violencia-em-macarani-cunhado-mata-o-proprio-cunhado-e-horas-depois-e-preso-pela-policia","status":"publish","type":"post","link":"https:\/\/www.cronicasdeitarantim.com.br\/v1\/2023\/08\/20\/violencia-em-macarani-cunhado-mata-o-proprio-cunhado-e-horas-depois-e-preso-pela-policia\/","title":{"rendered":"Viol\u00eancia em Macarani, cunhado mata o pr\u00f3prio cunhado e horas depois \u00e9 preso pela pol\u00edcia"},"content":{"rendered":"<h4>Na noite deste s\u00e1bado (19) um homem que foi identificado pelo nome de Marivaldo de Jesus foi brutalmente assassinado em uma localidade do Bairro Marjorie Parque. De acordo com informa\u00e7\u00f5es de pessoas, ele foi assassinado com golpes de faca e a pauladas pelo pr\u00f3prio cunhado num desentendimento familiar que j\u00e1 vinha sendo motivo de muitas brigas j\u00e1 h\u00e1 algum tempo. Informa\u00e7\u00f5es d\u00e3o conta que a v\u00edtima tinha hist\u00f3rico de agress\u00e3o \u00e0 irm\u00e3 do acusado.<\/h4>\n<h4>O crime aconteceu antes da meia noite e j\u00e1 na madrugada deste domingo (20) o acusado (foto) de cometer o assassinato foi capturado pelas for\u00e7as de seguran\u00e7as da cidade e conduzido para a Delegacia Territorial de Itapetinga onde a justi\u00e7a far\u00e1 os procedimentos cab\u00edveis. A identidade do acusado deste bruto homic\u00eddio n\u00e3o foi revelada.<\/h4>\n<p><a href=\"https:\/\/www.cronicasdeitarantim.com.br\/v1\/wp-content\/uploads\/2023\/08\/Screenshot_20230820_093144_Photo-EditorF.jpg\"><img decoding=\"async\" loading=\"lazy\" class=\"alignnone size-full wp-image-158359\" src=\"https:\/\/www.cronicasdeitarantim.com.br\/v1\/wp-content\/uploads\/2023\/08\/Screenshot_20230820_093144_Photo-EditorF.jpg\" alt=\"\" width=\"730\" height=\"469\" srcset=\"https:\/\/www.cronicasdeitarantim.com.br\/v1\/wp-content\/uploads\/2023\/08\/Screenshot_20230820_093144_Photo-EditorF.jpg 730w, https:\/\/www.cronicasdeitarantim.com.br\/v1\/wp-content\/uploads\/2023\/08\/Screenshot_20230820_093144_Photo-EditorF-300x193.jpg 300w, https:\/\/www.cronicasdeitarantim.com.br\/v1\/wp-content\/uploads\/2023\/08\/Screenshot_20230820_093144_Photo-EditorF-400x257.jpg 400w\" sizes=\"(max-width: 730px) 100vw, 730px\" \/><\/a><\/p>\n","protected":false},"excerpt":{"rendered":"<p>Na noite deste s\u00e1bado (19) um homem que foi identificado pelo nome de Marivaldo de Jesus foi brutalmente assassinado em uma localidade do Bairro Marjorie Parque. De acordo com informa\u00e7\u00f5es de pessoas, ele foi assassinado com golpes de faca e a pauladas pelo pr\u00f3prio cunhado num desentendimento familiar que j\u00e1 vinha sendo motivo de muitas brigas j\u00e1 h\u00e1 algum tempo. Informa\u00e7\u00f5es d\u00e3o conta que a v\u00edtima tinha hist\u00f3rico de agress\u00e3o \u00e0 irm\u00e3 do acusado. O crime aconteceu antes da meia noite e j\u00e1 na madrugada deste domingo (20) o acusado (foto) de cometer o assassinato foi capturado pelas for\u00e7as de [&hellip;]<\/p>\n","protected":false},"author":4,"featured_media":158357,"comment_status":"open","ping_status":"open","sticky":false,"template":"","format":"standard","meta":[],"categories":[306],"tags":[1780,476,434,444],"_links":{"self":[{"href":"https:\/\/www.cronicasdeitarantim.com.br\/v1\/wp-json\/wp\/v2\/posts\/158356"}],"collection":[{"href":"https:\/\/www.cronicasdeitarantim.com.br\/v1\/wp-json\/wp\/v2\/posts"}],"about":[{"href":"https:\/\/www.cronicasdeitarantim.com.br\/v1\/wp-json\/wp\/v2\/types\/post"}],"author":[{"embeddable":true,"href":"https:\/\/www.cronicasdeitarantim.com.br\/v1\/wp-json\/wp\/v2\/users\/4"}],"replies":[{"embeddable":true,"href":"https:\/\/www.cronicasdeitarantim.com.br\/v1\/wp-json\/wp\/v2\/comments?post=158356"}],"version-history":[{"count":2,"href":"https:\/\/www.cronicasdeitarantim.com.br\/v1\/wp-json\/wp\/v2\/posts\/158356\/revisions"}],"predecessor-version":[{"id":158360,"href":"https:\/\/www.cronicasdeitarantim.com.br\/v1\/wp-json\/wp\/v2\/posts\/158356\/revisions\/158360"}],"wp:featuredmedia":[{"embeddable":true,"href":"https:\/\/www.cronicasdeitarantim.com.br\/v1\/wp-json\/wp\/v2\/media\/158357"}],"wp:attachment":[{"href":"https:\/\/www.cronicasdeitarantim.com.br\/v1\/wp-json\/wp\/v2\/media?parent=158356"}],"wp:term":[{"taxonomy":"category","embeddable":true,"href":"https:\/\/www.cronicasdeitarantim.com.br\/v1\/wp-json\/wp\/v2\/categories?post=158356"},{"taxonomy":"post_tag","embeddable":true,"href":"https:\/\/www.cronicasdeitarantim.com.br\/v1\/wp-json\/wp\/v2\/tags?post=158356"}],"curies":[{"name":"wp","href":"https:\/\/api.w.org\/{rel}","templated":true}]}}