{"id":158326,"date":"2023-08-17T11:01:11","date_gmt":"2023-08-17T14:01:11","guid":{"rendered":"https:\/\/www.cronicasdeitarantim.com.br\/v1\/?p=158326"},"modified":"2023-08-17T11:01:11","modified_gmt":"2023-08-17T14:01:11","slug":"senado-aprova-projeto-que-disponibiliza-auxilio-aluguel-para-mulheres-vitimas-de-violencia-domestica","status":"publish","type":"post","link":"https:\/\/www.cronicasdeitarantim.com.br\/v1\/2023\/08\/17\/senado-aprova-projeto-que-disponibiliza-auxilio-aluguel-para-mulheres-vitimas-de-violencia-domestica\/","title":{"rendered":"Senado aprova projeto que disponibiliza aux\u00edlio-aluguel para mulheres v\u00edtimas de viol\u00eancia dom\u00e9stica"},"content":{"rendered":"<div class=\"styles__Body-sc-1ffquwr-7 ePhtZb\">\n<h4>O Senado aprovou, nesta quarta-feira (16), um projeto que garante o pagamento de aux\u00edlio-aluguel \u00e0s v\u00edtimas de viol\u00eancia dom\u00e9stica. O texto foi\u00a0autorizado na C\u00e2mara em mar\u00e7o de 2022\u00a0e agora segue para san\u00e7\u00e3o do presidente Lula (PT).<\/h4>\n<h4>A proposta \u00e9 de que o pagamento seja feito durante o per\u00edodo de seis meses e inclui o direito entre as medidas protetivas de urg\u00eancia definidas pela Lei Maria da Penha.<\/h4>\n<h4>Segundo o projeto, o aux\u00edlio ser\u00e1 de acordo com a &#8220;situa\u00e7\u00e3o de vulnerabilidade social e econ\u00f4mica&#8221; da v\u00edtima. O texto n\u00e3o detalha valores. A medida ser\u00e1 financiada pelos estados e munic\u00edpios, por meio do Sistema \u00danico de Assist\u00eancia Social (SUAS).<\/h4>\n<\/div>\n<div class=\"styles__RelatedWrapper-sc-1ffquwr-8 byMLWm\"><\/div>\n","protected":false},"excerpt":{"rendered":"<p>O Senado aprovou, nesta quarta-feira (16), um projeto que garante o pagamento de aux\u00edlio-aluguel \u00e0s v\u00edtimas de viol\u00eancia dom\u00e9stica. O texto foi\u00a0autorizado na C\u00e2mara em mar\u00e7o de 2022\u00a0e agora segue para san\u00e7\u00e3o do presidente Lula (PT). A proposta \u00e9 de que o pagamento seja feito durante o per\u00edodo de seis meses e inclui o direito entre as medidas protetivas de urg\u00eancia definidas pela Lei Maria da Penha. Segundo o projeto, o aux\u00edlio ser\u00e1 de acordo com a &#8220;situa\u00e7\u00e3o de vulnerabilidade social e econ\u00f4mica&#8221; da v\u00edtima. O texto n\u00e3o detalha valores. A medida ser\u00e1 financiada pelos estados e munic\u00edpios, por meio [&hellip;]<\/p>\n","protected":false},"author":4,"featured_media":158327,"comment_status":"open","ping_status":"open","sticky":false,"template":"","format":"standard","meta":[],"categories":[296],"tags":[433,1780,1758,930],"_links":{"self":[{"href":"https:\/\/www.cronicasdeitarantim.com.br\/v1\/wp-json\/wp\/v2\/posts\/158326"}],"collection":[{"href":"https:\/\/www.cronicasdeitarantim.com.br\/v1\/wp-json\/wp\/v2\/posts"}],"about":[{"href":"https:\/\/www.cronicasdeitarantim.com.br\/v1\/wp-json\/wp\/v2\/types\/post"}],"author":[{"embeddable":true,"href":"https:\/\/www.cronicasdeitarantim.com.br\/v1\/wp-json\/wp\/v2\/users\/4"}],"replies":[{"embeddable":true,"href":"https:\/\/www.cronicasdeitarantim.com.br\/v1\/wp-json\/wp\/v2\/comments?post=158326"}],"version-history":[{"count":1,"href":"https:\/\/www.cronicasdeitarantim.com.br\/v1\/wp-json\/wp\/v2\/posts\/158326\/revisions"}],"predecessor-version":[{"id":158328,"href":"https:\/\/www.cronicasdeitarantim.com.br\/v1\/wp-json\/wp\/v2\/posts\/158326\/revisions\/158328"}],"wp:featuredmedia":[{"embeddable":true,"href":"https:\/\/www.cronicasdeitarantim.com.br\/v1\/wp-json\/wp\/v2\/media\/158327"}],"wp:attachment":[{"href":"https:\/\/www.cronicasdeitarantim.com.br\/v1\/wp-json\/wp\/v2\/media?parent=158326"}],"wp:term":[{"taxonomy":"category","embeddable":true,"href":"https:\/\/www.cronicasdeitarantim.com.br\/v1\/wp-json\/wp\/v2\/categories?post=158326"},{"taxonomy":"post_tag","embeddable":true,"href":"https:\/\/www.cronicasdeitarantim.com.br\/v1\/wp-json\/wp\/v2\/tags?post=158326"}],"curies":[{"name":"wp","href":"https:\/\/api.w.org\/{rel}","templated":true}]}}