{"id":158323,"date":"2023-08-17T09:56:51","date_gmt":"2023-08-17T12:56:51","guid":{"rendered":"https:\/\/www.cronicasdeitarantim.com.br\/v1\/?p=158323"},"modified":"2023-08-17T09:56:51","modified_gmt":"2023-08-17T12:56:51","slug":"enfermeira-que-se-passava-por-medica-em-brumado-foi-presa-em-flagrante-com-documentos-falsos","status":"publish","type":"post","link":"https:\/\/www.cronicasdeitarantim.com.br\/v1\/2023\/08\/17\/enfermeira-que-se-passava-por-medica-em-brumado-foi-presa-em-flagrante-com-documentos-falsos\/","title":{"rendered":"Enfermeira que se passava por m\u00e9dica em Brumado foi presa em flagrante com documentos falsos"},"content":{"rendered":"<h4>Uma enfermeira que atuava na cidade de Vit\u00f3ria da Conquista foi presa nesta quarta-feira na cidade de Brumado com documentos falsos de uma outra m\u00e9dica que se passava pela profissional. De acordo com informa\u00e7\u00f5es, ela utilizava o CRM de uma outra pessoa e chegou a atuar num distrito de Brumado por dois dias realizando atendimentos quando o secret\u00e1rio de sa\u00fade do munic\u00edpio ao solicitar alguns documentos desconfiou da falsa m\u00e9dica.<\/h4>\n<h4>Ao saber da situa\u00e7\u00e3o da falsa m\u00e9dica, o secret\u00e1rio de sa\u00fade mandou suspender todos os atendimentos na unidade.\u00a0 Ainda de acordo com informa\u00e7\u00f5es, ela \u00e9 natural da cidade de Jequi\u00e9 e foi presa em flagrante durante o trabalho no distrito.<\/h4>\n","protected":false},"excerpt":{"rendered":"<p>Uma enfermeira que atuava na cidade de Vit\u00f3ria da Conquista foi presa nesta quarta-feira na cidade de Brumado com documentos falsos de uma outra m\u00e9dica que se passava pela profissional. De acordo com informa\u00e7\u00f5es, ela utilizava o CRM de uma outra pessoa e chegou a atuar num distrito de Brumado por dois dias realizando atendimentos quando o secret\u00e1rio de sa\u00fade do munic\u00edpio ao solicitar alguns documentos desconfiou da falsa m\u00e9dica. Ao saber da situa\u00e7\u00e3o da falsa m\u00e9dica, o secret\u00e1rio de sa\u00fade mandou suspender todos os atendimentos na unidade.\u00a0 Ainda de acordo com informa\u00e7\u00f5es, ela \u00e9 natural da cidade de Jequi\u00e9 [&hellip;]<\/p>\n","protected":false},"author":4,"featured_media":158324,"comment_status":"open","ping_status":"open","sticky":false,"template":"","format":"standard","meta":[],"categories":[306],"tags":[76,961,1780,2282],"_links":{"self":[{"href":"https:\/\/www.cronicasdeitarantim.com.br\/v1\/wp-json\/wp\/v2\/posts\/158323"}],"collection":[{"href":"https:\/\/www.cronicasdeitarantim.com.br\/v1\/wp-json\/wp\/v2\/posts"}],"about":[{"href":"https:\/\/www.cronicasdeitarantim.com.br\/v1\/wp-json\/wp\/v2\/types\/post"}],"author":[{"embeddable":true,"href":"https:\/\/www.cronicasdeitarantim.com.br\/v1\/wp-json\/wp\/v2\/users\/4"}],"replies":[{"embeddable":true,"href":"https:\/\/www.cronicasdeitarantim.com.br\/v1\/wp-json\/wp\/v2\/comments?post=158323"}],"version-history":[{"count":1,"href":"https:\/\/www.cronicasdeitarantim.com.br\/v1\/wp-json\/wp\/v2\/posts\/158323\/revisions"}],"predecessor-version":[{"id":158325,"href":"https:\/\/www.cronicasdeitarantim.com.br\/v1\/wp-json\/wp\/v2\/posts\/158323\/revisions\/158325"}],"wp:featuredmedia":[{"embeddable":true,"href":"https:\/\/www.cronicasdeitarantim.com.br\/v1\/wp-json\/wp\/v2\/media\/158324"}],"wp:attachment":[{"href":"https:\/\/www.cronicasdeitarantim.com.br\/v1\/wp-json\/wp\/v2\/media?parent=158323"}],"wp:term":[{"taxonomy":"category","embeddable":true,"href":"https:\/\/www.cronicasdeitarantim.com.br\/v1\/wp-json\/wp\/v2\/categories?post=158323"},{"taxonomy":"post_tag","embeddable":true,"href":"https:\/\/www.cronicasdeitarantim.com.br\/v1\/wp-json\/wp\/v2\/tags?post=158323"}],"curies":[{"name":"wp","href":"https:\/\/api.w.org\/{rel}","templated":true}]}}