{"id":158253,"date":"2023-08-14T12:17:21","date_gmt":"2023-08-14T15:17:21","guid":{"rendered":"https:\/\/www.cronicasdeitarantim.com.br\/v1\/?p=158253"},"modified":"2023-08-14T12:40:21","modified_gmt":"2023-08-14T15:40:21","slug":"campeonato-de-master-do-clube-recreativo-movimenta-final-de-semana-em-itarantim","status":"publish","type":"post","link":"https:\/\/www.cronicasdeitarantim.com.br\/v1\/2023\/08\/14\/campeonato-de-master-do-clube-recreativo-movimenta-final-de-semana-em-itarantim\/","title":{"rendered":"Campeonato de m\u00e1ster do Clube Recreativo movimenta final de semana em Itarantim"},"content":{"rendered":"<h4>Em mais uma edi\u00e7\u00e3o do Campeonato M\u00e1ster do Clube de Itarantim, o evento vem sendo um sucesso e j\u00e1 se aproxima da reta final com os times participantes lutando pela classifica\u00e7\u00e3o do campeonato que desde a sua primeira edi\u00e7\u00e3o \u00e9 sucesso. Neste s\u00e1bado (12) mais uma rodada aconteceu e n\u00e3o faltou emo\u00e7\u00e3o nas duas partidas que aconteceram.<\/h4>\n<p><a href=\"https:\/\/www.cronicasdeitarantim.com.br\/v1\/wp-content\/uploads\/2023\/08\/IMG_20230812_161847_compress56.jpg\"><img decoding=\"async\" loading=\"lazy\" class=\"alignnone size-full wp-image-158259\" src=\"https:\/\/www.cronicasdeitarantim.com.br\/v1\/wp-content\/uploads\/2023\/08\/IMG_20230812_161847_compress56.jpg\" alt=\"\" width=\"730\" height=\"337\" \/><\/a><\/p>\n<h4>Um dos organizadores do evento, Paulo Almeida, afirmou para nossa reda\u00e7\u00e3o que a competi\u00e7\u00e3o est\u00e1 chegando a reta final e que nos pr\u00f3ximos finais de semanas (s\u00e1bados) os classificados voltam a campo na t\u00e3o disputada classifica\u00e7\u00e3o para as finais.<\/h4>\n<p><a href=\"https:\/\/www.cronicasdeitarantim.com.br\/v1\/wp-content\/uploads\/2023\/08\/IMG_20230812_162025_compress32.jpg\"><img decoding=\"async\" loading=\"lazy\" class=\"alignnone size-full wp-image-158260\" src=\"https:\/\/www.cronicasdeitarantim.com.br\/v1\/wp-content\/uploads\/2023\/08\/IMG_20230812_162025_compress32.jpg\" alt=\"\" width=\"730\" height=\"337\" \/><\/a><\/p>\n<p><iframe loading=\"lazy\" title=\"Campeonato de Master do Clube Recreativo Nova Esperan\u00e7a. Partidas deste s\u00e1bado 12\/08\/2023.\" width=\"1200\" height=\"675\" src=\"https:\/\/www.youtube.com\/embed\/c4Irioq0QA0?feature=oembed\" frameborder=\"0\" allow=\"accelerometer; autoplay; clipboard-write; encrypted-media; gyroscope; picture-in-picture; web-share\" allowfullscreen><\/iframe><\/p>\n","protected":false},"excerpt":{"rendered":"<p>Em mais uma edi\u00e7\u00e3o do Campeonato M\u00e1ster do Clube de Itarantim, o evento vem sendo um sucesso e j\u00e1 se aproxima da reta final com os times participantes lutando pela classifica\u00e7\u00e3o do campeonato que desde a sua primeira edi\u00e7\u00e3o \u00e9 sucesso. Neste s\u00e1bado (12) mais uma rodada aconteceu e n\u00e3o faltou emo\u00e7\u00e3o nas duas partidas que aconteceram. Um dos organizadores do evento, Paulo Almeida, afirmou para nossa reda\u00e7\u00e3o que a competi\u00e7\u00e3o est\u00e1 chegando a reta final e que nos pr\u00f3ximos finais de semanas (s\u00e1bados) os classificados voltam a campo na t\u00e3o disputada classifica\u00e7\u00e3o para as finais.<\/p>\n","protected":false},"author":4,"featured_media":0,"comment_status":"open","ping_status":"open","sticky":false,"template":"","format":"standard","meta":[],"categories":[299],"tags":[1780,137,428,385],"_links":{"self":[{"href":"https:\/\/www.cronicasdeitarantim.com.br\/v1\/wp-json\/wp\/v2\/posts\/158253"}],"collection":[{"href":"https:\/\/www.cronicasdeitarantim.com.br\/v1\/wp-json\/wp\/v2\/posts"}],"about":[{"href":"https:\/\/www.cronicasdeitarantim.com.br\/v1\/wp-json\/wp\/v2\/types\/post"}],"author":[{"embeddable":true,"href":"https:\/\/www.cronicasdeitarantim.com.br\/v1\/wp-json\/wp\/v2\/users\/4"}],"replies":[{"embeddable":true,"href":"https:\/\/www.cronicasdeitarantim.com.br\/v1\/wp-json\/wp\/v2\/comments?post=158253"}],"version-history":[{"count":4,"href":"https:\/\/www.cronicasdeitarantim.com.br\/v1\/wp-json\/wp\/v2\/posts\/158253\/revisions"}],"predecessor-version":[{"id":158263,"href":"https:\/\/www.cronicasdeitarantim.com.br\/v1\/wp-json\/wp\/v2\/posts\/158253\/revisions\/158263"}],"wp:attachment":[{"href":"https:\/\/www.cronicasdeitarantim.com.br\/v1\/wp-json\/wp\/v2\/media?parent=158253"}],"wp:term":[{"taxonomy":"category","embeddable":true,"href":"https:\/\/www.cronicasdeitarantim.com.br\/v1\/wp-json\/wp\/v2\/categories?post=158253"},{"taxonomy":"post_tag","embeddable":true,"href":"https:\/\/www.cronicasdeitarantim.com.br\/v1\/wp-json\/wp\/v2\/tags?post=158253"}],"curies":[{"name":"wp","href":"https:\/\/api.w.org\/{rel}","templated":true}]}}