{"id":158038,"date":"2023-07-31T19:46:18","date_gmt":"2023-07-31T22:46:18","guid":{"rendered":"https:\/\/www.cronicasdeitarantim.com.br\/v1\/?p=158038"},"modified":"2023-07-31T19:46:18","modified_gmt":"2023-07-31T22:46:18","slug":"vereador-leo-ferreira-destaca-os-fomentadores-de-cultura-do-municipio","status":"publish","type":"post","link":"https:\/\/www.cronicasdeitarantim.com.br\/v1\/2023\/07\/31\/vereador-leo-ferreira-destaca-os-fomentadores-de-cultura-do-municipio\/","title":{"rendered":"VEREADOR L\u00c9O FERREIRA DESTACA OS FOMENTADORES DE CULTURA DO MUNIC\u00cdPIO"},"content":{"rendered":"<h4>O vereador Leandro Ferreira (PP) destacou neste final de semana numa conversa com o site o momento cultural dos fomentadores de cultura do munic\u00edpio que est\u00e3o se mobilizando para a Lei Paulo Gustavo de incentivo a cultura que ir\u00e1 fomentar economicamente a cultura nos munic\u00edpios baianos.<\/h4>\n<h4>L\u00e9o Ferreira, como \u00e9 mais conhecido, tem uma vasta experi\u00eancia na cultura da cidade e na regi\u00e3o, v\u00e1rios dos seus projetos j\u00e1 foram aprovados no Territ\u00f3rio M\u00e9dio Sudoeste contemplando Itarantim com eventos que foram realizados na cidade.<\/h4>\n<h4>O vereador acredita que os fomentadores de cultura de Itarantim est\u00e3o preparados para a produ\u00e7\u00e3o de seus materiais e muitos produzem muitas coisas boas, afirma ele. Ele afirmou ainda que, junto ao Conselho de Cultura do Munic\u00edpio e como membro ativo da Comiss\u00e3o de Cultura da C\u00e2mara de Vereadores, vem sempre dialogando com a Secretaria de Cultura do Munic\u00edpio sobre projetos e em especial sobre a Lei Paulo Gustavo que ser\u00e1 pauta nos pr\u00f3ximos dias.<\/h4>\n","protected":false},"excerpt":{"rendered":"<p>O vereador Leandro Ferreira (PP) destacou neste final de semana numa conversa com o site o momento cultural dos fomentadores de cultura do munic\u00edpio que est\u00e3o se mobilizando para a Lei Paulo Gustavo de incentivo a cultura que ir\u00e1 fomentar economicamente a cultura nos munic\u00edpios baianos. L\u00e9o Ferreira, como \u00e9 mais conhecido, tem uma vasta experi\u00eancia na cultura da cidade e na regi\u00e3o, v\u00e1rios dos seus projetos j\u00e1 foram aprovados no Territ\u00f3rio M\u00e9dio Sudoeste contemplando Itarantim com eventos que foram realizados na cidade. O vereador acredita que os fomentadores de cultura de Itarantim est\u00e3o preparados para a produ\u00e7\u00e3o de seus [&hellip;]<\/p>\n","protected":false},"author":4,"featured_media":156040,"comment_status":"open","ping_status":"open","sticky":false,"template":"","format":"standard","meta":[],"categories":[538],"tags":[1780,110,1038,385,1117,593],"_links":{"self":[{"href":"https:\/\/www.cronicasdeitarantim.com.br\/v1\/wp-json\/wp\/v2\/posts\/158038"}],"collection":[{"href":"https:\/\/www.cronicasdeitarantim.com.br\/v1\/wp-json\/wp\/v2\/posts"}],"about":[{"href":"https:\/\/www.cronicasdeitarantim.com.br\/v1\/wp-json\/wp\/v2\/types\/post"}],"author":[{"embeddable":true,"href":"https:\/\/www.cronicasdeitarantim.com.br\/v1\/wp-json\/wp\/v2\/users\/4"}],"replies":[{"embeddable":true,"href":"https:\/\/www.cronicasdeitarantim.com.br\/v1\/wp-json\/wp\/v2\/comments?post=158038"}],"version-history":[{"count":1,"href":"https:\/\/www.cronicasdeitarantim.com.br\/v1\/wp-json\/wp\/v2\/posts\/158038\/revisions"}],"predecessor-version":[{"id":158039,"href":"https:\/\/www.cronicasdeitarantim.com.br\/v1\/wp-json\/wp\/v2\/posts\/158038\/revisions\/158039"}],"wp:featuredmedia":[{"embeddable":true,"href":"https:\/\/www.cronicasdeitarantim.com.br\/v1\/wp-json\/wp\/v2\/media\/156040"}],"wp:attachment":[{"href":"https:\/\/www.cronicasdeitarantim.com.br\/v1\/wp-json\/wp\/v2\/media?parent=158038"}],"wp:term":[{"taxonomy":"category","embeddable":true,"href":"https:\/\/www.cronicasdeitarantim.com.br\/v1\/wp-json\/wp\/v2\/categories?post=158038"},{"taxonomy":"post_tag","embeddable":true,"href":"https:\/\/www.cronicasdeitarantim.com.br\/v1\/wp-json\/wp\/v2\/tags?post=158038"}],"curies":[{"name":"wp","href":"https:\/\/api.w.org\/{rel}","templated":true}]}}