{"id":158016,"date":"2023-07-31T10:19:45","date_gmt":"2023-07-31T13:19:45","guid":{"rendered":"https:\/\/www.cronicasdeitarantim.com.br\/v1\/?p=158016"},"modified":"2023-07-31T10:19:45","modified_gmt":"2023-07-31T13:19:45","slug":"dayane-compara-bolsonarismo-a-sistema-de-piramide-malandros-do-topo-arregimentam-imbecis","status":"publish","type":"post","link":"https:\/\/www.cronicasdeitarantim.com.br\/v1\/2023\/07\/31\/dayane-compara-bolsonarismo-a-sistema-de-piramide-malandros-do-topo-arregimentam-imbecis\/","title":{"rendered":"Dayane compara bolsonarismo a sistema de pir\u00e2mide: malandros do topo arregimentam imbecis"},"content":{"rendered":"<p>Antiga aliada que passou a cr\u00edtica ferrenha de Jair Bolsonaro (PL), a ex-deputada Dayane Pimentel (UB-BA) comparou o bolsonarismo a um sistema de pir\u00e2mide ao comentar o\u00a0caso dos R$ 17,2 milh\u00f5es em PIX depositados por apoiadores na conta do ex-presidente.<\/p>\n<p>\u201cO bolsonarismo virou um sistema de pir\u00e2mide financeira e pol\u00edtica. Os malandros no topo arregimentam os imbecis que sustentam essa palha\u00e7ada\u201d, ironizou a ex-parlamentar sobre as doa\u00e7\u00f5es feitas a Bolsonaro, classificadas como \u201cat\u00edpicas\u201d pelo Conselho de Controle de Atividades Financeiras (Coaf).<\/p>\n<p>Apesar da campanha de doa\u00e7\u00f5es ter sido divulgada como forma de angariar recursos para o pagamento de multas do ex-presidente, o Coaf apontou que Jair Bolsonaro (PL) n\u00e3o usou o dinheiro para sanar as d\u00edvidas, mas sim investiu a monta milion\u00e1ria em t\u00edtulos de Certificado de Dep\u00f3sito Banc\u00e1rio (CDB) e Recibo de Dep\u00f3sito Banc\u00e1rio (RDB).<\/p>\n<p>Durante agenda recente do PL Mulher em Florian\u00f3polis (SC), o ex-presidente debochou do caso. \u201cMuito obrigado a todos aqueles que colaboraram comigo no Pix h\u00e1 poucas semanas. Mais do que o valor depositado, quase um milh\u00e3o de pessoas colaboraram\u201d, afirmou. \u201cD\u00e1 para pagar todas as minhas contas e ainda sobra dinheiro para tomar um caldo de cana e comer um pastel com dona Michelle\u201d, acrescentou.<\/p>\n","protected":false},"excerpt":{"rendered":"<p>Antiga aliada que passou a cr\u00edtica ferrenha de Jair Bolsonaro (PL), a ex-deputada Dayane Pimentel (UB-BA) comparou o bolsonarismo a um sistema de pir\u00e2mide ao comentar o\u00a0caso dos R$ 17,2 milh\u00f5es em PIX depositados por apoiadores na conta do ex-presidente. \u201cO bolsonarismo virou um sistema de pir\u00e2mide financeira e pol\u00edtica. Os malandros no topo arregimentam os imbecis que sustentam essa palha\u00e7ada\u201d, ironizou a ex-parlamentar sobre as doa\u00e7\u00f5es feitas a Bolsonaro, classificadas como \u201cat\u00edpicas\u201d pelo Conselho de Controle de Atividades Financeiras (Coaf). Apesar da campanha de doa\u00e7\u00f5es ter sido divulgada como forma de angariar recursos para o pagamento de multas do [&hellip;]<\/p>\n","protected":false},"author":4,"featured_media":158017,"comment_status":"open","ping_status":"open","sticky":false,"template":"","format":"standard","meta":[],"categories":[304],"tags":[1240,433,1026,1780,2233,1288,1904],"_links":{"self":[{"href":"https:\/\/www.cronicasdeitarantim.com.br\/v1\/wp-json\/wp\/v2\/posts\/158016"}],"collection":[{"href":"https:\/\/www.cronicasdeitarantim.com.br\/v1\/wp-json\/wp\/v2\/posts"}],"about":[{"href":"https:\/\/www.cronicasdeitarantim.com.br\/v1\/wp-json\/wp\/v2\/types\/post"}],"author":[{"embeddable":true,"href":"https:\/\/www.cronicasdeitarantim.com.br\/v1\/wp-json\/wp\/v2\/users\/4"}],"replies":[{"embeddable":true,"href":"https:\/\/www.cronicasdeitarantim.com.br\/v1\/wp-json\/wp\/v2\/comments?post=158016"}],"version-history":[{"count":1,"href":"https:\/\/www.cronicasdeitarantim.com.br\/v1\/wp-json\/wp\/v2\/posts\/158016\/revisions"}],"predecessor-version":[{"id":158018,"href":"https:\/\/www.cronicasdeitarantim.com.br\/v1\/wp-json\/wp\/v2\/posts\/158016\/revisions\/158018"}],"wp:featuredmedia":[{"embeddable":true,"href":"https:\/\/www.cronicasdeitarantim.com.br\/v1\/wp-json\/wp\/v2\/media\/158017"}],"wp:attachment":[{"href":"https:\/\/www.cronicasdeitarantim.com.br\/v1\/wp-json\/wp\/v2\/media?parent=158016"}],"wp:term":[{"taxonomy":"category","embeddable":true,"href":"https:\/\/www.cronicasdeitarantim.com.br\/v1\/wp-json\/wp\/v2\/categories?post=158016"},{"taxonomy":"post_tag","embeddable":true,"href":"https:\/\/www.cronicasdeitarantim.com.br\/v1\/wp-json\/wp\/v2\/tags?post=158016"}],"curies":[{"name":"wp","href":"https:\/\/api.w.org\/{rel}","templated":true}]}}