{"id":157928,"date":"2023-07-25T13:47:13","date_gmt":"2023-07-25T16:47:13","guid":{"rendered":"https:\/\/www.cronicasdeitarantim.com.br\/v1\/?p=157928"},"modified":"2023-07-25T13:47:13","modified_gmt":"2023-07-25T16:47:13","slug":"pf-realiza-segunda-fase-da-operacao-postal-em-jequie","status":"publish","type":"post","link":"https:\/\/www.cronicasdeitarantim.com.br\/v1\/2023\/07\/25\/pf-realiza-segunda-fase-da-operacao-postal-em-jequie\/","title":{"rendered":"PF realiza segunda fase da Opera\u00e7\u00e3o Postal em Jequi\u00e9"},"content":{"rendered":"<div class=\"conteudo_post\">\n<p>A Pol\u00edcia Federal deflagrou, nesta ter\u00e7a-feira (25), a Opera\u00e7\u00e3o Postal \u2013 Fase 2, cujo objetivo \u00e9 a desarticula\u00e7\u00e3o de esquemas\u202fcriminosos voltados para a pr\u00e1tica de furtos e desvios de objetos postais no Centro de Distribui\u00e7\u00e3o dos Correios (CDD) de Jequi\u00e9, no sudoeste baiano.<\/p>\n<p>Foram cumpridos um mandado de busca e apreens\u00e3o, um mandado de pris\u00e3o tempor\u00e1ria e um mandado de medidas cautelares diversas da pris\u00e3o naquela cidade. A primeira fase da opera\u00e7\u00e3o desvendou que houve desvios de mercadorias do CDD de Jequi\u00e9, que ultrapassaram R$ 1 milh\u00e3o.<\/p>\n<p>Os fatos investigados teriam ocorrido somente nos anos de 2021 e 2022, e as mercadorias mais visadas eram eletr\u00f4nicos, especialmente aparelhos celulares. Os objetos eram ent\u00e3o revendidos no com\u00e9rcio da regi\u00e3o como se tivessem proced\u00eancia l\u00edcita. O CDD de Jequi\u00e9 \u00e9 respons\u00e1vel pela distribui\u00e7\u00e3o de encomendas e postais de toda a regi\u00e3o circunvizinha.<\/p>\n<p>Com base nos trabalhos investigativos, a partir da deflagra\u00e7\u00e3o da primeira fase da Opera\u00e7\u00e3o Postal, a Pol\u00edcia Federal descobriu que um empregado dos Correios era o principal respons\u00e1vel pelos desvios das encomendas revendidas na regi\u00e3o.<\/p>\n<p>A investiga\u00e7\u00e3o revelou ainda que as entregas dessas mercadorias desviadas chegavam a ser realizadas com o pr\u00f3prio carro oficial das Correios, dentro do hor\u00e1rio do expediente, e que o esquema, que antes se pensava ter acontecido apenas em 2021 e 2022, na verdade j\u00e1 vinha acontecendo h\u00e1 pelo menos seis anos, tendo sido mais intensificado no per\u00edodo da COVID-19.<\/p>\n<p>Al\u00e9m dos mandados judiciais, foi determinado tamb\u00e9m o bloqueio judicial no importe de R$ 1.045.920,12 (um milh\u00e3o, quarenta e cinco mil, novecentos e vinte reais e doze centavos) das contas e bens dos investigados e a proibi\u00e7\u00e3o de o empregado dos Correios exercer suas fun\u00e7\u00f5es p\u00fablicas.<\/p>\n<p>Os delitos apurados na opera\u00e7\u00e3o s\u00e3o associa\u00e7\u00e3o criminosa, furto qualificado mediante fraude, recepta\u00e7\u00e3o qualificada e peculato desvio, cujas penas m\u00e1ximas podem somar mais de 20 anos de pris\u00e3o. (Bahia.ba)<\/p>\n<\/div>\n<div id=\"div-share\"><\/div>\n","protected":false},"excerpt":{"rendered":"<p>A Pol\u00edcia Federal deflagrou, nesta ter\u00e7a-feira (25), a Opera\u00e7\u00e3o Postal \u2013 Fase 2, cujo objetivo \u00e9 a desarticula\u00e7\u00e3o de esquemas\u202fcriminosos voltados para a pr\u00e1tica de furtos e desvios de objetos postais no Centro de Distribui\u00e7\u00e3o dos Correios (CDD) de Jequi\u00e9, no sudoeste baiano. Foram cumpridos um mandado de busca e apreens\u00e3o, um mandado de pris\u00e3o tempor\u00e1ria e um mandado de medidas cautelares diversas da pris\u00e3o naquela cidade. A primeira fase da opera\u00e7\u00e3o desvendou que houve desvios de mercadorias do CDD de Jequi\u00e9, que ultrapassaram R$ 1 milh\u00e3o. Os fatos investigados teriam ocorrido somente nos anos de 2021 e 2022, e [&hellip;]<\/p>\n","protected":false},"author":4,"featured_media":157929,"comment_status":"open","ping_status":"open","sticky":false,"template":"","format":"standard","meta":[],"categories":[306],"tags":[76,1780,673,214],"_links":{"self":[{"href":"https:\/\/www.cronicasdeitarantim.com.br\/v1\/wp-json\/wp\/v2\/posts\/157928"}],"collection":[{"href":"https:\/\/www.cronicasdeitarantim.com.br\/v1\/wp-json\/wp\/v2\/posts"}],"about":[{"href":"https:\/\/www.cronicasdeitarantim.com.br\/v1\/wp-json\/wp\/v2\/types\/post"}],"author":[{"embeddable":true,"href":"https:\/\/www.cronicasdeitarantim.com.br\/v1\/wp-json\/wp\/v2\/users\/4"}],"replies":[{"embeddable":true,"href":"https:\/\/www.cronicasdeitarantim.com.br\/v1\/wp-json\/wp\/v2\/comments?post=157928"}],"version-history":[{"count":1,"href":"https:\/\/www.cronicasdeitarantim.com.br\/v1\/wp-json\/wp\/v2\/posts\/157928\/revisions"}],"predecessor-version":[{"id":157930,"href":"https:\/\/www.cronicasdeitarantim.com.br\/v1\/wp-json\/wp\/v2\/posts\/157928\/revisions\/157930"}],"wp:featuredmedia":[{"embeddable":true,"href":"https:\/\/www.cronicasdeitarantim.com.br\/v1\/wp-json\/wp\/v2\/media\/157929"}],"wp:attachment":[{"href":"https:\/\/www.cronicasdeitarantim.com.br\/v1\/wp-json\/wp\/v2\/media?parent=157928"}],"wp:term":[{"taxonomy":"category","embeddable":true,"href":"https:\/\/www.cronicasdeitarantim.com.br\/v1\/wp-json\/wp\/v2\/categories?post=157928"},{"taxonomy":"post_tag","embeddable":true,"href":"https:\/\/www.cronicasdeitarantim.com.br\/v1\/wp-json\/wp\/v2\/tags?post=157928"}],"curies":[{"name":"wp","href":"https:\/\/api.w.org\/{rel}","templated":true}]}}