{"id":157808,"date":"2023-07-18T14:29:16","date_gmt":"2023-07-18T17:29:16","guid":{"rendered":"https:\/\/www.cronicasdeitarantim.com.br\/v1\/?p=157808"},"modified":"2023-07-18T14:29:16","modified_gmt":"2023-07-18T17:29:16","slug":"dez-cidades-da-bahia-poderao-reduzir-numero-de-vereadores-itapetinga-e-itarantim-teve-queda-populacional","status":"publish","type":"post","link":"https:\/\/www.cronicasdeitarantim.com.br\/v1\/2023\/07\/18\/dez-cidades-da-bahia-poderao-reduzir-numero-de-vereadores-itapetinga-e-itarantim-teve-queda-populacional\/","title":{"rendered":"Dez cidades da Bahia poder\u00e3o reduzir n\u00famero de vereadores, Itapetinga e Itarantim teve queda populacional"},"content":{"rendered":"<p>Muitas cidades do Brasil e dez cidades da Bahia dever\u00e3o ter uma redu\u00e7\u00e3o no n\u00famero de vereadores. Essa informa\u00e7\u00e3o \u00e9 do Instituto Brasileiro de Geografia e Est\u00e1ticas (IBGE) de acordo com censo realizado em 2022 que anunciou redu\u00e7\u00e3o populacional em alguns munic\u00edpios. A medida j\u00e1 come\u00e7a a valer para as pr\u00f3ximas elei\u00e7\u00f5es de 2024.<\/p>\n<p>Uma das cidades que poder\u00e1 ter essa redu\u00e7\u00e3o \u00e9 Sim\u00f5es Filho na regi\u00e3o Metropolitana de Salvador que teve uma diminui\u00e7\u00e3o consider\u00e1vel no n\u00famero populacional.<\/p>\n<p>Aqui em Itarantim a C\u00e2mara de Vereadores tem onze parlamentares e segundo o censo a cidade teve uma grande diminui\u00e7\u00e3o populacional. Com isso, muitas cidades que tiveram a redu\u00e7\u00e3o na sua popula\u00e7\u00e3o, o IBGE ter\u00e1 que realizar um c\u00e1lculo nos n\u00fameros, como pede a Constitui\u00e7\u00e3o Federal no seu artigo 29 . Mas isso n\u00e3o quer dizer que Itarantim ter\u00e1 redu\u00e7\u00e3o de vereadores, at\u00e9 o momento n\u00e3o h\u00e1 essa informa\u00e7\u00e3o.<\/p>\n<p>A cidade de Itapetinga, tamb\u00e9m sofreu redu\u00e7\u00e3o populacional segundo o censo do IBGE.<\/p>\n<p>De acordo tamb\u00e9m com o novo Censo, 61,6% dos munic\u00edpios baianos t\u00eam at\u00e9 20 mil moradores e v\u00e1rios deles tiveram um aumento na popula\u00e7\u00e3o local. Na nossa regi\u00e3o as cidades de Potiragu\u00e1 e Macarani est\u00e3o inclu\u00eddas nestes n\u00fameros e se fala em alguns destes munic\u00edpios em aumento nas cadeiras do legislativo.<\/p>\n","protected":false},"excerpt":{"rendered":"<p>Muitas cidades do Brasil e dez cidades da Bahia dever\u00e3o ter uma redu\u00e7\u00e3o no n\u00famero de vereadores. Essa informa\u00e7\u00e3o \u00e9 do Instituto Brasileiro de Geografia e Est\u00e1ticas (IBGE) de acordo com censo realizado em 2022 que anunciou redu\u00e7\u00e3o populacional em alguns munic\u00edpios. A medida j\u00e1 come\u00e7a a valer para as pr\u00f3ximas elei\u00e7\u00f5es de 2024. Uma das cidades que poder\u00e1 ter essa redu\u00e7\u00e3o \u00e9 Sim\u00f5es Filho na regi\u00e3o Metropolitana de Salvador que teve uma diminui\u00e7\u00e3o consider\u00e1vel no n\u00famero populacional. Aqui em Itarantim a C\u00e2mara de Vereadores tem onze parlamentares e segundo o censo a cidade teve uma grande diminui\u00e7\u00e3o populacional. Com [&hellip;]<\/p>\n","protected":false},"author":4,"featured_media":157809,"comment_status":"open","ping_status":"open","sticky":false,"template":"","format":"standard","meta":[],"categories":[304],"tags":[1822,2140,1780,2190,158,440,1290],"_links":{"self":[{"href":"https:\/\/www.cronicasdeitarantim.com.br\/v1\/wp-json\/wp\/v2\/posts\/157808"}],"collection":[{"href":"https:\/\/www.cronicasdeitarantim.com.br\/v1\/wp-json\/wp\/v2\/posts"}],"about":[{"href":"https:\/\/www.cronicasdeitarantim.com.br\/v1\/wp-json\/wp\/v2\/types\/post"}],"author":[{"embeddable":true,"href":"https:\/\/www.cronicasdeitarantim.com.br\/v1\/wp-json\/wp\/v2\/users\/4"}],"replies":[{"embeddable":true,"href":"https:\/\/www.cronicasdeitarantim.com.br\/v1\/wp-json\/wp\/v2\/comments?post=157808"}],"version-history":[{"count":1,"href":"https:\/\/www.cronicasdeitarantim.com.br\/v1\/wp-json\/wp\/v2\/posts\/157808\/revisions"}],"predecessor-version":[{"id":157810,"href":"https:\/\/www.cronicasdeitarantim.com.br\/v1\/wp-json\/wp\/v2\/posts\/157808\/revisions\/157810"}],"wp:featuredmedia":[{"embeddable":true,"href":"https:\/\/www.cronicasdeitarantim.com.br\/v1\/wp-json\/wp\/v2\/media\/157809"}],"wp:attachment":[{"href":"https:\/\/www.cronicasdeitarantim.com.br\/v1\/wp-json\/wp\/v2\/media?parent=157808"}],"wp:term":[{"taxonomy":"category","embeddable":true,"href":"https:\/\/www.cronicasdeitarantim.com.br\/v1\/wp-json\/wp\/v2\/categories?post=157808"},{"taxonomy":"post_tag","embeddable":true,"href":"https:\/\/www.cronicasdeitarantim.com.br\/v1\/wp-json\/wp\/v2\/tags?post=157808"}],"curies":[{"name":"wp","href":"https:\/\/api.w.org\/{rel}","templated":true}]}}