{"id":157771,"date":"2023-07-16T17:29:43","date_gmt":"2023-07-16T20:29:43","guid":{"rendered":"https:\/\/www.cronicasdeitarantim.com.br\/v1\/?p=157771"},"modified":"2023-07-16T17:41:01","modified_gmt":"2023-07-16T20:41:01","slug":"prefeita-de-maiquinique-valeria-silveira-mostra-prestigio-com-o-governador-e-cidade-e-contemplada-na-area-da-saude","status":"publish","type":"post","link":"https:\/\/www.cronicasdeitarantim.com.br\/v1\/2023\/07\/16\/prefeita-de-maiquinique-valeria-silveira-mostra-prestigio-com-o-governador-e-cidade-e-contemplada-na-area-da-saude\/","title":{"rendered":"Prefeita de Maiquinique, Val\u00e9ria Silveira, mostra prest\u00edgio com o governador e cidade \u00e9 contemplada na \u00e1rea da sa\u00fade"},"content":{"rendered":"<p>O governador da Bahia, Jer\u00f4nimo Rodrigues (PT), esteve na manh\u00e3 deste domingo (16) na cidade de Maiquinique nos festejos de 61 anos de emancipa\u00e7\u00e3o pol\u00edtica da cidade. O governador foi recebido pela prefeita Val\u00e9ria Silveira (Pode) e o vice Kayke Jardim (PSD) que na oportunidade contemplou a cidade com equipamentos para a sa\u00fade.<\/p>\n<p>Jer\u00f4nimo entregou uma ambul\u00e2ncia para a cidade e kits de sa\u00fade.\u00a0 A s\u00e9rie de equipamentos para refor\u00e7ar a \u00e1rea da sa\u00fade no munic\u00edpio inclui um aparelho de ultrassom com ecocardi\u00f3grafo para o Hospital Maternidade Municipal e kits de Unidade B\u00e1sica de Sa\u00fade Odontol\u00f3gico.<\/p>\n<p>O governador visitou o Hospital Maternidade e anunciou na sua fala que ir\u00e1 autorizar a Secret\u00e1ria de Sa\u00fade do Estado para que construa uma sala de realiza\u00e7\u00e3o de cirurgias no hospital.<\/p>\n<p>Al\u00e9m disso, o governador visitou o Col\u00e9gio Estadual e afirmou que ir\u00e1\u00a0 realizar uma licita\u00e7\u00e3o r\u00e1pida para uma reforma que viabilize uma infraestrutura completa com audit\u00f3rio, refeit\u00f3rio e laborat\u00f3rios.<\/p>\n<p>Um outro projeto importante para a cidade de Maiquinique, que durante a visita, o governador autorizou foi a elabora\u00e7\u00e3o de um projeto de pavimenta\u00e7\u00e3o de 37 quil\u00f4metros da BA-130, entre Maiquinique e Ribeir\u00e3o do Salto, na divisa com o estado de Minas Gerais, e para a constru\u00e7\u00e3o de quatro pontes ao longo da rodovia.<\/p>\n<p><a href=\"https:\/\/www.cronicasdeitarantim.com.br\/v1\/wp-content\/uploads\/2023\/07\/361324483_1745025645914676_8552072492376318251_n-foto.jpg\"><img decoding=\"async\" loading=\"lazy\" class=\"size-full wp-image-157776 alignleft\" src=\"https:\/\/www.cronicasdeitarantim.com.br\/v1\/wp-content\/uploads\/2023\/07\/361324483_1745025645914676_8552072492376318251_n-foto.jpg\" alt=\"\" width=\"730\" height=\"487\" srcset=\"https:\/\/www.cronicasdeitarantim.com.br\/v1\/wp-content\/uploads\/2023\/07\/361324483_1745025645914676_8552072492376318251_n-foto.jpg 730w, https:\/\/www.cronicasdeitarantim.com.br\/v1\/wp-content\/uploads\/2023\/07\/361324483_1745025645914676_8552072492376318251_n-foto-300x200.jpg 300w, https:\/\/www.cronicasdeitarantim.com.br\/v1\/wp-content\/uploads\/2023\/07\/361324483_1745025645914676_8552072492376318251_n-foto-400x267.jpg 400w\" sizes=\"(max-width: 730px) 100vw, 730px\" \/><\/a><\/p>\n<p>A prefeita Val\u00e9ria Silveira, na sua fala, se emocionou e afirmou que ir\u00e1 junto com seu vice trabalhar por Maiquinique para que volte a ser uma cidade reconhecida pela sua grandeza. A prefeita ainda enfatizou a import\u00e2ncia da parceria com o Governo do Estado e disse que muitas obras ser\u00e3o realizadas at\u00e9 o final do ano.<\/p>\n<p>Ainda em Maiquinique, Jer\u00f4nimo e a comitiva do governo estadual visitaram os estandes da Semana Cultural que est\u00e1 sendo realizada como parte das comemora\u00e7\u00f5es pelo anivers\u00e1rio da cidade. Com o tema \u2018Minha terra tem cultura, minha terra tem hist\u00f3ria\u2019, a iniciativa teve um apoio de R$ 340 mil do Governo no Estado, que est\u00e1 realizando, entre outras a\u00e7\u00f5es, uma Feira Gastron\u00f4mica dando visibilidade aos atrativos tur\u00edsticos associados \u00e0 produ\u00e7\u00e3o de cacha\u00e7a e da carne do sol.<\/p>\n<p><iframe loading=\"lazy\" title=\"Governador da Bahia visita Maiquinique, autoriza projeto para asfaltamento da BA\/130.\" width=\"1200\" height=\"675\" src=\"https:\/\/www.youtube.com\/embed\/xXEUUn2tU1U?feature=oembed\" frameborder=\"0\" allow=\"accelerometer; autoplay; clipboard-write; encrypted-media; gyroscope; picture-in-picture; web-share\" allowfullscreen><\/iframe><\/p>\n","protected":false},"excerpt":{"rendered":"<p>O governador da Bahia, Jer\u00f4nimo Rodrigues (PT), esteve na manh\u00e3 deste domingo (16) na cidade de Maiquinique nos festejos de 61 anos de emancipa\u00e7\u00e3o pol\u00edtica da cidade. O governador foi recebido pela prefeita Val\u00e9ria Silveira (Pode) e o vice Kayke Jardim (PSD) que na oportunidade contemplou a cidade com equipamentos para a sa\u00fade. Jer\u00f4nimo entregou uma ambul\u00e2ncia para a cidade e kits de sa\u00fade.\u00a0 A s\u00e9rie de equipamentos para refor\u00e7ar a \u00e1rea da sa\u00fade no munic\u00edpio inclui um aparelho de ultrassom com ecocardi\u00f3grafo para o Hospital Maternidade Municipal e kits de Unidade B\u00e1sica de Sa\u00fade Odontol\u00f3gico. O governador visitou o [&hellip;]<\/p>\n","protected":false},"author":4,"featured_media":0,"comment_status":"open","ping_status":"open","sticky":false,"template":"","format":"standard","meta":[],"categories":[304],"tags":[1780,773,1946,392,1765],"_links":{"self":[{"href":"https:\/\/www.cronicasdeitarantim.com.br\/v1\/wp-json\/wp\/v2\/posts\/157771"}],"collection":[{"href":"https:\/\/www.cronicasdeitarantim.com.br\/v1\/wp-json\/wp\/v2\/posts"}],"about":[{"href":"https:\/\/www.cronicasdeitarantim.com.br\/v1\/wp-json\/wp\/v2\/types\/post"}],"author":[{"embeddable":true,"href":"https:\/\/www.cronicasdeitarantim.com.br\/v1\/wp-json\/wp\/v2\/users\/4"}],"replies":[{"embeddable":true,"href":"https:\/\/www.cronicasdeitarantim.com.br\/v1\/wp-json\/wp\/v2\/comments?post=157771"}],"version-history":[{"count":4,"href":"https:\/\/www.cronicasdeitarantim.com.br\/v1\/wp-json\/wp\/v2\/posts\/157771\/revisions"}],"predecessor-version":[{"id":157777,"href":"https:\/\/www.cronicasdeitarantim.com.br\/v1\/wp-json\/wp\/v2\/posts\/157771\/revisions\/157777"}],"wp:attachment":[{"href":"https:\/\/www.cronicasdeitarantim.com.br\/v1\/wp-json\/wp\/v2\/media?parent=157771"}],"wp:term":[{"taxonomy":"category","embeddable":true,"href":"https:\/\/www.cronicasdeitarantim.com.br\/v1\/wp-json\/wp\/v2\/categories?post=157771"},{"taxonomy":"post_tag","embeddable":true,"href":"https:\/\/www.cronicasdeitarantim.com.br\/v1\/wp-json\/wp\/v2\/tags?post=157771"}],"curies":[{"name":"wp","href":"https:\/\/api.w.org\/{rel}","templated":true}]}}