{"id":157610,"date":"2023-07-05T21:35:21","date_gmt":"2023-07-06T00:35:21","guid":{"rendered":"https:\/\/www.cronicasdeitarantim.com.br\/v1\/?p=157610"},"modified":"2023-07-05T23:44:00","modified_gmt":"2023-07-06T02:44:00","slug":"bell-marques-e-atracao-confirmada-no-aniversario-da-cidade-de-firmino-alves","status":"publish","type":"post","link":"https:\/\/www.cronicasdeitarantim.com.br\/v1\/2023\/07\/05\/bell-marques-e-atracao-confirmada-no-aniversario-da-cidade-de-firmino-alves\/","title":{"rendered":"Bell Marques \u00e9 atra\u00e7\u00e3o confirmada no anivers\u00e1rio da cidade de Firmino Alves"},"content":{"rendered":"<h4>O cantor Bell Marques, ex-vocalista da banda Chiclete com Banana, \u00e9 a primeira atra\u00e7\u00e3o confirmada para se apresentar no anivers\u00e1rio da cidade de Firmino Alves, que ir\u00e1 ocorrer no dia 27 de julho. A prefeitura da cidade confirmou o cantor nas suas redes sociais e de acordo com informa\u00e7\u00f5es, grandes atra\u00e7\u00f5es ainda ser\u00e3o anunciadas ainda essa semana para se apresentar no anivers\u00e1rio da cidade.<\/h4>\n","protected":false},"excerpt":{"rendered":"<p>O cantor Bell Marques, ex-vocalista da banda Chiclete com Banana, \u00e9 a primeira atra\u00e7\u00e3o confirmada para se apresentar no anivers\u00e1rio da cidade de Firmino Alves, que ir\u00e1 ocorrer no dia 27 de julho. A prefeitura da cidade confirmou o cantor nas suas redes sociais e de acordo com informa\u00e7\u00f5es, grandes atra\u00e7\u00f5es ainda ser\u00e3o anunciadas ainda essa semana para se apresentar no anivers\u00e1rio da cidade.<\/p>\n","protected":false},"author":4,"featured_media":157611,"comment_status":"open","ping_status":"open","sticky":false,"template":"","format":"standard","meta":[],"categories":[14],"tags":[1955,2158,1780,1067,474],"_links":{"self":[{"href":"https:\/\/www.cronicasdeitarantim.com.br\/v1\/wp-json\/wp\/v2\/posts\/157610"}],"collection":[{"href":"https:\/\/www.cronicasdeitarantim.com.br\/v1\/wp-json\/wp\/v2\/posts"}],"about":[{"href":"https:\/\/www.cronicasdeitarantim.com.br\/v1\/wp-json\/wp\/v2\/types\/post"}],"author":[{"embeddable":true,"href":"https:\/\/www.cronicasdeitarantim.com.br\/v1\/wp-json\/wp\/v2\/users\/4"}],"replies":[{"embeddable":true,"href":"https:\/\/www.cronicasdeitarantim.com.br\/v1\/wp-json\/wp\/v2\/comments?post=157610"}],"version-history":[{"count":2,"href":"https:\/\/www.cronicasdeitarantim.com.br\/v1\/wp-json\/wp\/v2\/posts\/157610\/revisions"}],"predecessor-version":[{"id":157613,"href":"https:\/\/www.cronicasdeitarantim.com.br\/v1\/wp-json\/wp\/v2\/posts\/157610\/revisions\/157613"}],"wp:featuredmedia":[{"embeddable":true,"href":"https:\/\/www.cronicasdeitarantim.com.br\/v1\/wp-json\/wp\/v2\/media\/157611"}],"wp:attachment":[{"href":"https:\/\/www.cronicasdeitarantim.com.br\/v1\/wp-json\/wp\/v2\/media?parent=157610"}],"wp:term":[{"taxonomy":"category","embeddable":true,"href":"https:\/\/www.cronicasdeitarantim.com.br\/v1\/wp-json\/wp\/v2\/categories?post=157610"},{"taxonomy":"post_tag","embeddable":true,"href":"https:\/\/www.cronicasdeitarantim.com.br\/v1\/wp-json\/wp\/v2\/tags?post=157610"}],"curies":[{"name":"wp","href":"https:\/\/api.w.org\/{rel}","templated":true}]}}