{"id":157563,"date":"2023-07-03T22:15:07","date_gmt":"2023-07-04T01:15:07","guid":{"rendered":"https:\/\/www.cronicasdeitarantim.com.br\/v1\/?p=157563"},"modified":"2023-07-03T22:15:07","modified_gmt":"2023-07-04T01:15:07","slug":"presidente-sanciona-lei-de-igualdade-salarial-entre-homens-e-mulheres","status":"publish","type":"post","link":"https:\/\/www.cronicasdeitarantim.com.br\/v1\/2023\/07\/03\/presidente-sanciona-lei-de-igualdade-salarial-entre-homens-e-mulheres\/","title":{"rendered":"Presidente sanciona lei de igualdade salarial entre homens e mulheres"},"content":{"rendered":"<div class=\"styles__Body-sc-1ffquwr-7 ePhtZb\">\n<p>O presidente Luiz In\u00e1cio Lula da Silva (PT) sancionou, nesta segunda-feira (3), a lei que tem tem o objetivo de instituir medidas para assegurar a igualdade salarial e remunerat\u00f3ria entre mulheres e homens em caso de trabalho igual ou exerc\u00edcio da mesma fun\u00e7\u00e3o.<\/p>\n<p>A san\u00e7\u00e3o foi realizada na base a\u00e9rea de Bras\u00edlia ap\u00f3s o retorno de Lula de viagem feita \u00e0 Bahia para participar dos festejos ao dois de julho e inaugurar as obras do novo trecho da Ferrovia de Integra\u00e7\u00e3o Oeste-Leste (Fiol).<\/p>\n<p>Na teoria, a diferen\u00e7a salarial entre homens e mulheres j\u00e1 \u00e9 proibida pela Consolida\u00e7\u00e3o das Leis do Trabalho (CLT). J\u00e1 na pr\u00e1tica, muitas vezes essa exig\u00eancia legal n\u00e3o \u00e9 cumprida. O projeto que resultou na lei foi\u00a0aprovado no Senado\u00a0em 1\u00ba de junho, depois de j\u00e1 ter sido aprovado pela C\u00e2mara. A medida foi um compromisso feito pelo presidente Lula durante a campanha eleitoral do ano passado.<\/p>\n<p>Ainda nesta segunda, Lula tamb\u00e9m sancionou outras duas leis para: incluir ass\u00e9dio moral, ass\u00e9dio sexual e discrimina\u00e7\u00e3o na lista de infra\u00e7\u00f5es \u00e9tico-disciplinares da Ordem dos Advogados do Brasil (OAB), que poder\u00e1 suspender o exerc\u00edcio profissional de advogados; dar prioridade a gestantes e pu\u00e9rperas na renova\u00e7\u00e3o do programa Bolsa Atleta e garante o recebimento regular das parcelas mensais do programa at\u00e9 a retomada da atividade esportiva.<\/p>\n<\/div>\n<div class=\"styles__RelatedWrapper-sc-1ffquwr-8 byMLWm\"><\/div>\n","protected":false},"excerpt":{"rendered":"<p>O presidente Luiz In\u00e1cio Lula da Silva (PT) sancionou, nesta segunda-feira (3), a lei que tem tem o objetivo de instituir medidas para assegurar a igualdade salarial e remunerat\u00f3ria entre mulheres e homens em caso de trabalho igual ou exerc\u00edcio da mesma fun\u00e7\u00e3o. A san\u00e7\u00e3o foi realizada na base a\u00e9rea de Bras\u00edlia ap\u00f3s o retorno de Lula de viagem feita \u00e0 Bahia para participar dos festejos ao dois de julho e inaugurar as obras do novo trecho da Ferrovia de Integra\u00e7\u00e3o Oeste-Leste (Fiol). Na teoria, a diferen\u00e7a salarial entre homens e mulheres j\u00e1 \u00e9 proibida pela Consolida\u00e7\u00e3o das Leis do [&hellip;]<\/p>\n","protected":false},"author":4,"featured_media":157564,"comment_status":"open","ping_status":"open","sticky":false,"template":"","format":"standard","meta":[],"categories":[1],"tags":[1780,1911,203,1663],"_links":{"self":[{"href":"https:\/\/www.cronicasdeitarantim.com.br\/v1\/wp-json\/wp\/v2\/posts\/157563"}],"collection":[{"href":"https:\/\/www.cronicasdeitarantim.com.br\/v1\/wp-json\/wp\/v2\/posts"}],"about":[{"href":"https:\/\/www.cronicasdeitarantim.com.br\/v1\/wp-json\/wp\/v2\/types\/post"}],"author":[{"embeddable":true,"href":"https:\/\/www.cronicasdeitarantim.com.br\/v1\/wp-json\/wp\/v2\/users\/4"}],"replies":[{"embeddable":true,"href":"https:\/\/www.cronicasdeitarantim.com.br\/v1\/wp-json\/wp\/v2\/comments?post=157563"}],"version-history":[{"count":1,"href":"https:\/\/www.cronicasdeitarantim.com.br\/v1\/wp-json\/wp\/v2\/posts\/157563\/revisions"}],"predecessor-version":[{"id":157565,"href":"https:\/\/www.cronicasdeitarantim.com.br\/v1\/wp-json\/wp\/v2\/posts\/157563\/revisions\/157565"}],"wp:featuredmedia":[{"embeddable":true,"href":"https:\/\/www.cronicasdeitarantim.com.br\/v1\/wp-json\/wp\/v2\/media\/157564"}],"wp:attachment":[{"href":"https:\/\/www.cronicasdeitarantim.com.br\/v1\/wp-json\/wp\/v2\/media?parent=157563"}],"wp:term":[{"taxonomy":"category","embeddable":true,"href":"https:\/\/www.cronicasdeitarantim.com.br\/v1\/wp-json\/wp\/v2\/categories?post=157563"},{"taxonomy":"post_tag","embeddable":true,"href":"https:\/\/www.cronicasdeitarantim.com.br\/v1\/wp-json\/wp\/v2\/tags?post=157563"}],"curies":[{"name":"wp","href":"https:\/\/api.w.org\/{rel}","templated":true}]}}