{"id":157542,"date":"2023-07-03T00:26:24","date_gmt":"2023-07-03T03:26:24","guid":{"rendered":"https:\/\/www.cronicasdeitarantim.com.br\/v1\/?p=157542"},"modified":"2023-07-03T00:26:24","modified_gmt":"2023-07-03T03:26:24","slug":"final-de-semana-violento-na-regiao-homem-e-morto-a-tiros-em-maiquinique","status":"publish","type":"post","link":"https:\/\/www.cronicasdeitarantim.com.br\/v1\/2023\/07\/03\/final-de-semana-violento-na-regiao-homem-e-morto-a-tiros-em-maiquinique\/","title":{"rendered":"FINAL DE SEMANA VIOLENTO NA REGI\u00c3O] Homem \u00e9 morto a tiros em Maiquinique"},"content":{"rendered":"<p>A cidade de Maiquinique teve mais um final de semana violento. No in\u00edcio da madrugada deste domingo (02) um homem que foi identificado pelo prenome de Alan foi assassinado a tiros na cidade nas imedia\u00e7\u00f5es da principal pra\u00e7a da cidade. Informa\u00e7\u00f5es d\u00e3o conta que o homic\u00eddio desta madrugada tem liga\u00e7\u00e3o com um assassinado que aconteceu no m\u00eas passado na cidade quando um jovem foi assassinado a facadas dentro de uma resid\u00eancia, confira aqui: <a href=\"https:\/\/www.cronicasdeitarantim.com.br\/v1\/2023\/06\/18\/homem-e-morto-a-golpes-de-faca-em-maiquinique\/\">Homem \u00e9 morto a golpes de faca em Maiquinique.<\/a><\/p>\n<p>A pol\u00edcia ainda n\u00e3o tem pistas do assassino. A pol\u00edcia trabalha nas investiga\u00e7\u00f5es para capturar o bandido.<\/p>\n<p>&nbsp;<\/p>\n","protected":false},"excerpt":{"rendered":"<p>A cidade de Maiquinique teve mais um final de semana violento. No in\u00edcio da madrugada deste domingo (02) um homem que foi identificado pelo prenome de Alan foi assassinado a tiros na cidade nas imedia\u00e7\u00f5es da principal pra\u00e7a da cidade. Informa\u00e7\u00f5es d\u00e3o conta que o homic\u00eddio desta madrugada tem liga\u00e7\u00e3o com um assassinado que aconteceu no m\u00eas passado na cidade quando um jovem foi assassinado a facadas dentro de uma resid\u00eancia, confira aqui: Homem \u00e9 morto a golpes de faca em Maiquinique. A pol\u00edcia ainda n\u00e3o tem pistas do assassino. A pol\u00edcia trabalha nas investiga\u00e7\u00f5es para capturar o bandido. &nbsp;<\/p>\n","protected":false},"author":4,"featured_media":153821,"comment_status":"open","ping_status":"open","sticky":false,"template":"","format":"standard","meta":[],"categories":[306],"tags":[1780,485,392,444],"_links":{"self":[{"href":"https:\/\/www.cronicasdeitarantim.com.br\/v1\/wp-json\/wp\/v2\/posts\/157542"}],"collection":[{"href":"https:\/\/www.cronicasdeitarantim.com.br\/v1\/wp-json\/wp\/v2\/posts"}],"about":[{"href":"https:\/\/www.cronicasdeitarantim.com.br\/v1\/wp-json\/wp\/v2\/types\/post"}],"author":[{"embeddable":true,"href":"https:\/\/www.cronicasdeitarantim.com.br\/v1\/wp-json\/wp\/v2\/users\/4"}],"replies":[{"embeddable":true,"href":"https:\/\/www.cronicasdeitarantim.com.br\/v1\/wp-json\/wp\/v2\/comments?post=157542"}],"version-history":[{"count":1,"href":"https:\/\/www.cronicasdeitarantim.com.br\/v1\/wp-json\/wp\/v2\/posts\/157542\/revisions"}],"predecessor-version":[{"id":157543,"href":"https:\/\/www.cronicasdeitarantim.com.br\/v1\/wp-json\/wp\/v2\/posts\/157542\/revisions\/157543"}],"wp:featuredmedia":[{"embeddable":true,"href":"https:\/\/www.cronicasdeitarantim.com.br\/v1\/wp-json\/wp\/v2\/media\/153821"}],"wp:attachment":[{"href":"https:\/\/www.cronicasdeitarantim.com.br\/v1\/wp-json\/wp\/v2\/media?parent=157542"}],"wp:term":[{"taxonomy":"category","embeddable":true,"href":"https:\/\/www.cronicasdeitarantim.com.br\/v1\/wp-json\/wp\/v2\/categories?post=157542"},{"taxonomy":"post_tag","embeddable":true,"href":"https:\/\/www.cronicasdeitarantim.com.br\/v1\/wp-json\/wp\/v2\/tags?post=157542"}],"curies":[{"name":"wp","href":"https:\/\/api.w.org\/{rel}","templated":true}]}}