{"id":157361,"date":"2023-06-20T11:18:22","date_gmt":"2023-06-20T14:18:22","guid":{"rendered":"https:\/\/www.cronicasdeitarantim.com.br\/v1\/?p=157361"},"modified":"2023-06-20T11:18:22","modified_gmt":"2023-06-20T14:18:22","slug":"direto-aos-fatos-sem-entregar-nenhuma-obra-prefeitura-de-itarantim-celebrou-77-anos-de-fundacao","status":"publish","type":"post","link":"https:\/\/www.cronicasdeitarantim.com.br\/v1\/2023\/06\/20\/direto-aos-fatos-sem-entregar-nenhuma-obra-prefeitura-de-itarantim-celebrou-77-anos-de-fundacao\/","title":{"rendered":"DIRETO AOS FATOS] Sem entregar nenhuma obra prefeitura de Itarantim celebrou 77 anos de funda\u00e7\u00e3o da cidade"},"content":{"rendered":"<div id=\":r6\" class=\"Ar Au Ao\">\n<div id=\":r2\" class=\"Am Al editable LW-avf tS-tW tS-tY\" tabindex=\"1\" role=\"textbox\" contenteditable=\"true\" spellcheck=\"false\" aria-label=\"Corpo da mensagem\" aria-multiline=\"true\" aria-owns=\":to\" aria-controls=\":to\" aria-expanded=\"false\">\n<h4>A prefeitura de Itarantim celebrou nos \u00faltimos dias 14, 15 e 16 anivers\u00e1rio de 77 anos de funda\u00e7\u00e3o da cidade. Uma festa que atraiu gente de toda regi\u00e3o, com atra\u00e7\u00f5es de renome nacional e o prefeito se esbaldou &#8220;metendo dancinha&#8221; no palco. Mas indo Direto aos Fatos, a prefeitura n\u00e3o entregou nenhuma obra de relev\u00e2ncia aos mun\u00edcipes nesta data. Se tiver, o leitor pode me questionar.<\/h4>\n<h4>\u00c9 comum na gest\u00e3o de todo governo, o prefeito fazer a entrega de uma obra importante no anivers\u00e1rio da cidade. Aqui apenas entregaram o Posto de Sa\u00fade do bairro Cajazeiras, (se \u00e9 que podemos colocar como OBRA) que foi reformado e segundo informa\u00e7\u00f5es nem o prefeito esteve.<\/h4>\n<h4>H\u00e1 tr\u00eas obras na cidade ainda em fase de reforma, uma \u00e9 o Mercado Municipal que j\u00e1 era para ser entregue aos feirantes. Eles esperavam que o mercado fosse entregue agora dia 15, data da comemora\u00e7\u00e3o do anivers\u00e1rio, j\u00e1 que est\u00e3o em situa\u00e7\u00e3o prec\u00e1ria naquele local para onde foram deslocados sem nenhuma condi\u00e7\u00e3o de higieniza\u00e7\u00e3o.<\/h4>\n<h4>A outra obra \u00e9 a pra\u00e7a do bairro Cajazeiras. H\u00e1! E falando do bairro, a nova Delegacia Territorial, que eu n\u00e3o coloquei como obra em fase de conclus\u00e3o, \u00e9 porque j\u00e1 est\u00e1 finalizada, faltando apenas a inaugura\u00e7\u00e3o (segundo informa\u00e7\u00f5es) que, imagin\u00e1vamos tamb\u00e9m que seria entregue no anivers\u00e1rio.<\/h4>\n<h4>A pra\u00e7a que vem sendo constru\u00edda em frente a Delegacia foi muito questionada pela comunidade local, na verdade nem tanto foi a pra\u00e7a e sim a Delegacia. Moradores argumentaram que todo o terreno deveria ser um local de lazer.<\/h4>\n<h4>E, por \u00faltimo e tamb\u00e9m, podemos afirmar que \u00e9 a principal obra do governo F\u00e1bio Gusm\u00e3o [E, devo lembrar aos leitores que essas obras s\u00e3o recursos do Governo do Estado em parceria com a prefeitura de Itarantim] que, j\u00e1 faz quase um m\u00eas [ou um m\u00eas] que pararam e ningu\u00e9m v\u00ea mais sinal que ir\u00e3o finalizar o restante. Eu falo da pavimenta\u00e7\u00e3o asf\u00e1ltica que tinha come\u00e7ado na cidade.<\/h4>\n<h4>Eu acredito que a ideia do governo era fazer a entrega da pavimenta\u00e7\u00e3o asf\u00e1ltica das ruas da cidade no anivers\u00e1rio para celebrar com mais dignidade e at\u00e9 mesmo para n\u00e3o ficar no l\u00fadico festivo das ebriedades que fizeram at\u00e9 a popula\u00e7\u00e3o esquecer que a cidade n\u00e3o teve nenhuma obra no seu anivers\u00e1rio. E olha que estamos falando de um governo de tr\u00eas anos, j\u00e1.<\/h4>\n<h4>Vamos abrir um par\u00eantese rapidinho: N\u00f3s, da imprensa, fomos ferrenhos cr\u00edticos ao governo Paulo Constru\u00e7\u00e3o. Paulo, fechou uma pra\u00e7a no seu governo que passou quase tr\u00eas anos fechada para uma reforma. O resultado disso j\u00e1 sabemos o final, nem preciso falar&#8230;<\/h4>\n<h4>Houve muito &#8220;tititi&#8221;, &#8220;bafaf\u00e1&#8221;, um fala uma coisa, outro fala outra sobre a parada do asfalto. Na verdade, a gente ainda n\u00e3o consegue compreender o que de fato aconteceu e porque isso aconteceu em Itarantim e logo numa obra esperada h\u00e1 muito tempo pela popula\u00e7\u00e3o. As cidades da nossa vizinhan\u00e7a n\u00e3o tiveram este problema. E olha que o prefeito da cidade abra\u00e7ou a causa do ent\u00e3o candidato Jer\u00f4nimo, hoje governador, junto aos seus deputados dando hist\u00f3rica vota\u00e7\u00e3o no munic\u00edpio.<\/h4>\n<h4>Por fim n\u00e3o quero me delongar, vou parafrasear o escritor norte-americano, Ernest Hemingway, &#8220;Tudo \u00e9 uma Festa e nas festas a tend\u00eancia \u00e9 sempre deixar de lado o que \u00e9 mais importante&#8221;.<\/h4>\n<h4>Literalmente dan\u00e7amos, nos alegramos na festa de 77 anos e ainda vimos o prefeito &#8220;meter dancinha&#8221; com palavras confusas. H\u00e1! o qu\u00e3o seria bom unir o que \u00e9 \u00fatil e o agrad\u00e1vel&#8230;<\/h4>\n<\/div>\n<\/div>\n<p>&nbsp;<\/p>\n","protected":false},"excerpt":{"rendered":"<p>A prefeitura de Itarantim celebrou nos \u00faltimos dias 14, 15 e 16 anivers\u00e1rio de 77 anos de funda\u00e7\u00e3o da cidade. Uma festa que atraiu gente de toda regi\u00e3o, com atra\u00e7\u00f5es de renome nacional e o prefeito se esbaldou &#8220;metendo dancinha&#8221; no palco. Mas indo Direto aos Fatos, a prefeitura n\u00e3o entregou nenhuma obra de relev\u00e2ncia aos mun\u00edcipes nesta data. Se tiver, o leitor pode me questionar. \u00c9 comum na gest\u00e3o de todo governo, o prefeito fazer a entrega de uma obra importante no anivers\u00e1rio da cidade. Aqui apenas entregaram o Posto de Sa\u00fade do bairro Cajazeiras, (se \u00e9 que podemos [&hellip;]<\/p>\n","protected":false},"author":4,"featured_media":157388,"comment_status":"open","ping_status":"open","sticky":false,"template":"","format":"standard","meta":[],"categories":[308],"tags":[729,1780,2119,431,1835],"_links":{"self":[{"href":"https:\/\/www.cronicasdeitarantim.com.br\/v1\/wp-json\/wp\/v2\/posts\/157361"}],"collection":[{"href":"https:\/\/www.cronicasdeitarantim.com.br\/v1\/wp-json\/wp\/v2\/posts"}],"about":[{"href":"https:\/\/www.cronicasdeitarantim.com.br\/v1\/wp-json\/wp\/v2\/types\/post"}],"author":[{"embeddable":true,"href":"https:\/\/www.cronicasdeitarantim.com.br\/v1\/wp-json\/wp\/v2\/users\/4"}],"replies":[{"embeddable":true,"href":"https:\/\/www.cronicasdeitarantim.com.br\/v1\/wp-json\/wp\/v2\/comments?post=157361"}],"version-history":[{"count":2,"href":"https:\/\/www.cronicasdeitarantim.com.br\/v1\/wp-json\/wp\/v2\/posts\/157361\/revisions"}],"predecessor-version":[{"id":157389,"href":"https:\/\/www.cronicasdeitarantim.com.br\/v1\/wp-json\/wp\/v2\/posts\/157361\/revisions\/157389"}],"wp:featuredmedia":[{"embeddable":true,"href":"https:\/\/www.cronicasdeitarantim.com.br\/v1\/wp-json\/wp\/v2\/media\/157388"}],"wp:attachment":[{"href":"https:\/\/www.cronicasdeitarantim.com.br\/v1\/wp-json\/wp\/v2\/media?parent=157361"}],"wp:term":[{"taxonomy":"category","embeddable":true,"href":"https:\/\/www.cronicasdeitarantim.com.br\/v1\/wp-json\/wp\/v2\/categories?post=157361"},{"taxonomy":"post_tag","embeddable":true,"href":"https:\/\/www.cronicasdeitarantim.com.br\/v1\/wp-json\/wp\/v2\/tags?post=157361"}],"curies":[{"name":"wp","href":"https:\/\/api.w.org\/{rel}","templated":true}]}}