{"id":157161,"date":"2023-06-12T16:52:06","date_gmt":"2023-06-12T19:52:06","guid":{"rendered":"https:\/\/www.cronicasdeitarantim.com.br\/v1\/?p=157161"},"modified":"2023-06-12T17:30:48","modified_gmt":"2023-06-12T20:30:48","slug":"politica-de-volta-para-a-base-do-prefeito-fabio-gusmao-com-jura-de-amor-e-podendo-ate-ocupar-cargo","status":"publish","type":"post","link":"https:\/\/www.cronicasdeitarantim.com.br\/v1\/2023\/06\/12\/politica-de-volta-para-a-base-do-prefeito-fabio-gusmao-com-jura-de-amor-e-podendo-ate-ocupar-cargo\/","title":{"rendered":"POL\u00cdTICA] De volta para a base do prefeito F\u00e1bio Gusm\u00e3o com jura de amor e podendo at\u00e9 ocupar cargo"},"content":{"rendered":"<h4>Um dos mais cr\u00edticos ao prefeito F\u00e1bio Gusm\u00e3o (PSD) est\u00e1 de volta \u00e0s bases de onde ajudou a eleger. Candinho Gusm\u00e3o no in\u00edcio do governo do prefeito foi um ferrenho cr\u00edtico ao gestor, que \u00e9 seu sobrinho. Numa entrevista, Candinho chegou a afirmar que o governo do prefeito, na \u00e9poca j\u00e1 constava, como um dos maiores corruptos da hist\u00f3ria.<\/h4>\n<h4>Candinho chegou at\u00e9 fazer algumas den\u00fancias ao Minist\u00e9rio P\u00fablico da Bahia (MP-BA) sobre licita\u00e7\u00e3o e gastos das festas no ano de 2022 e utilizou os meios de comunica\u00e7\u00e3o da cidade por v\u00e1rias vezes para tecer cr\u00edticas pesadas ao sobrinho.<\/h4>\n<h4>O site entrou em contato com o agora aliado do prefeito, Candinho, que nos afirmou que de fato est\u00e1 de malas prontas para a base do prefeito, ao menos familiarmente, disse. Perguntado sobre se essa aproxima\u00e7\u00e3o seria tamb\u00e9m pol\u00edtica, ele nos afirmou que \u00e9 bem poss\u00edvel e finalizou criticando a oposi\u00e7\u00e3o na cidade que segundo ele se encontra ap\u00e1tica e &#8220;morta&#8221;.<\/h4>\n<h4>Perguntado se ele concorrer\u00e1 a algum cargo em 2024, ele afirmou que ir\u00e1 trabalhar e tem alguns planos, mas sem citar nada. O site perguntou se ele gostaria de fazer parte de uma poss\u00edvel chapa com o prefeito concorrendo na vice, o ex cr\u00edtico do tio desconversou sobre o assunto mas deixou um sinal de que tudo pode acontecer.<\/h4>\n<h4>Veja v\u00eddeo:<\/h4>\n<blockquote class=\"twitter-tweet\" data-width=\"550\" data-dnt=\"true\">\n<p lang=\"pt\" dir=\"ltr\">Ferrenho cr\u00edtico ao prefeito F\u00e1bio Gusm\u00e3o, volta para base do gestor. Candinho Gusm\u00e3o que \u00e9 tio do prefeito, no come\u00e7o da gest\u00e3o foi um cr\u00edtico ao tio afirmando ser o governo mais corrupto de Itarantim. <a href=\"https:\/\/t.co\/kTVCCCzPb8\">pic.twitter.com\/kTVCCCzPb8<\/a><\/p>\n<p>&mdash; Cr\u00f4nicas de Itarantim (@CItarantim) <a href=\"https:\/\/twitter.com\/CItarantim\/status\/1668338219954630657?ref_src=twsrc%5Etfw\">June 12, 2023<\/a><\/p><\/blockquote>\n<p><script async src=\"https:\/\/platform.twitter.com\/widgets.js\" charset=\"utf-8\"><\/script><\/p>\n","protected":false},"excerpt":{"rendered":"<p>Um dos mais cr\u00edticos ao prefeito F\u00e1bio Gusm\u00e3o (PSD) est\u00e1 de volta \u00e0s bases de onde ajudou a eleger. Candinho Gusm\u00e3o no in\u00edcio do governo do prefeito foi um ferrenho cr\u00edtico ao gestor, que \u00e9 seu sobrinho. Numa entrevista, Candinho chegou a afirmar que o governo do prefeito, na \u00e9poca j\u00e1 constava, como um dos maiores corruptos da hist\u00f3ria. Candinho chegou at\u00e9 fazer algumas den\u00fancias ao Minist\u00e9rio P\u00fablico da Bahia (MP-BA) sobre licita\u00e7\u00e3o e gastos das festas no ano de 2022 e utilizou os meios de comunica\u00e7\u00e3o da cidade por v\u00e1rias vezes para tecer cr\u00edticas pesadas ao sobrinho. O site [&hellip;]<\/p>\n","protected":false},"author":4,"featured_media":157160,"comment_status":"open","ping_status":"open","sticky":false,"template":"","format":"standard","meta":[],"categories":[304],"tags":[1486,1780,1772,2106,385],"_links":{"self":[{"href":"https:\/\/www.cronicasdeitarantim.com.br\/v1\/wp-json\/wp\/v2\/posts\/157161"}],"collection":[{"href":"https:\/\/www.cronicasdeitarantim.com.br\/v1\/wp-json\/wp\/v2\/posts"}],"about":[{"href":"https:\/\/www.cronicasdeitarantim.com.br\/v1\/wp-json\/wp\/v2\/types\/post"}],"author":[{"embeddable":true,"href":"https:\/\/www.cronicasdeitarantim.com.br\/v1\/wp-json\/wp\/v2\/users\/4"}],"replies":[{"embeddable":true,"href":"https:\/\/www.cronicasdeitarantim.com.br\/v1\/wp-json\/wp\/v2\/comments?post=157161"}],"version-history":[{"count":3,"href":"https:\/\/www.cronicasdeitarantim.com.br\/v1\/wp-json\/wp\/v2\/posts\/157161\/revisions"}],"predecessor-version":[{"id":157165,"href":"https:\/\/www.cronicasdeitarantim.com.br\/v1\/wp-json\/wp\/v2\/posts\/157161\/revisions\/157165"}],"wp:featuredmedia":[{"embeddable":true,"href":"https:\/\/www.cronicasdeitarantim.com.br\/v1\/wp-json\/wp\/v2\/media\/157160"}],"wp:attachment":[{"href":"https:\/\/www.cronicasdeitarantim.com.br\/v1\/wp-json\/wp\/v2\/media?parent=157161"}],"wp:term":[{"taxonomy":"category","embeddable":true,"href":"https:\/\/www.cronicasdeitarantim.com.br\/v1\/wp-json\/wp\/v2\/categories?post=157161"},{"taxonomy":"post_tag","embeddable":true,"href":"https:\/\/www.cronicasdeitarantim.com.br\/v1\/wp-json\/wp\/v2\/tags?post=157161"}],"curies":[{"name":"wp","href":"https:\/\/api.w.org\/{rel}","templated":true}]}}