{"id":157136,"date":"2023-06-11T15:27:03","date_gmt":"2023-06-11T18:27:03","guid":{"rendered":"https:\/\/www.cronicasdeitarantim.com.br\/v1\/?p=157136"},"modified":"2023-06-11T15:27:03","modified_gmt":"2023-06-11T18:27:03","slug":"eleicao-2024-em-conquista-pt-bate-martelo-e-escolhe-waldenor-pereira-como-pre-candidato-a-prefeitura","status":"publish","type":"post","link":"https:\/\/www.cronicasdeitarantim.com.br\/v1\/2023\/06\/11\/eleicao-2024-em-conquista-pt-bate-martelo-e-escolhe-waldenor-pereira-como-pre-candidato-a-prefeitura\/","title":{"rendered":"ELEI\u00c7\u00c3O 2024] Em Conquista PT bate martelo e escolhe Waldenor Pereira como pr\u00e9-candidato \u00e0 prefeitura"},"content":{"rendered":"<h4>O Partido dos Trabalhadores (PT) de Vit\u00f3ria da Conquista oficializou a pr\u00e9-candidatura do deputado federal Waldenor Pereira (PT) \u00e0 prefeitura da cidade. O martelo foi batido numa reuni\u00e3o do Diret\u00f3rio Municipal que aconteceu na manh\u00e3 deste domingo (11) realizada no espa\u00e7o da C\u00e2mara de Vereadores e contou com presen\u00e7as do deputado estadual Z\u00e9 Raimundo, vereadores da bancada, lideran\u00e7as e filiados.<\/h4>\n<h3><strong>Hist\u00f3ria de Waldenor:<\/strong><\/h3>\n<h4>Waldenor \u00e9 economista de forma\u00e7\u00e3o e se filiou ao Partido dos Trabalhadores em 1981, foi eleito reitor em 1994 da Universidade Estadual do Sudoeste da Bahia (Uesb), institui\u00e7\u00e3o que dirigiu por oito anos, at\u00e9 2002, no mesmo ano se candidatou a deputado estadual conseguindo ser eleito com 33.338 votos e 2006 se reelegeu com uma vota\u00e7\u00e3o de 61.328 mil votos.<\/h4>\n<h4>Foi l\u00edder do governo Jaques Wagner (PT) na AL-BA e em 2010 se lan\u00e7ou a deputado federal sendo eleito com 87.930 votos, assumindo uma cadeira em Bras\u00edlia estando at\u00e9 hoje e sempre dobrando sua vota\u00e7\u00e3o.<\/h4>\n<h4>Outros nomes foram colocados como pr\u00e9-candidatos, um deles o nome do vereador Alexandre Xand\u00f3 (PT) que foi candidato a deputado federal em 2020 e tendo uma expressiva vota\u00e7\u00e3o na Bahia e em Vit\u00f3ria da Conquista.<\/h4>\n<h4>Resta agora saber quem ser\u00e1 o nome do vice escolhido que, segundo especula\u00e7\u00f5es na cidade, ser\u00e1 o nome do pr\u00f3prio Xand\u00f3 (foto) que tem um grande carisma no grupo e uma grande aceita\u00e7\u00e3o na cidade.<\/h4>\n<p>&nbsp;<\/p>\n<article id=\"post-164119\" class=\"post-164119 post type-post status-publish format-standard has-post-thumbnail hentry category-politica category-vitoria-da-conquista tag-destaques tag-destaque\">\n<footer class=\"entry-footer\"><\/footer>\n<\/article>\n","protected":false},"excerpt":{"rendered":"<p>O Partido dos Trabalhadores (PT) de Vit\u00f3ria da Conquista oficializou a pr\u00e9-candidatura do deputado federal Waldenor Pereira (PT) \u00e0 prefeitura da cidade. O martelo foi batido numa reuni\u00e3o do Diret\u00f3rio Municipal que aconteceu na manh\u00e3 deste domingo (11) realizada no espa\u00e7o da C\u00e2mara de Vereadores e contou com presen\u00e7as do deputado estadual Z\u00e9 Raimundo, vereadores da bancada, lideran\u00e7as e filiados. Hist\u00f3ria de Waldenor: Waldenor \u00e9 economista de forma\u00e7\u00e3o e se filiou ao Partido dos Trabalhadores em 1981, foi eleito reitor em 1994 da Universidade Estadual do Sudoeste da Bahia (Uesb), institui\u00e7\u00e3o que dirigiu por oito anos, at\u00e9 2002, no mesmo [&hellip;]<\/p>\n","protected":false},"author":4,"featured_media":0,"comment_status":"open","ping_status":"open","sticky":false,"template":"","format":"standard","meta":[],"categories":[304],"tags":[1780,1772,469,1661,427,447],"_links":{"self":[{"href":"https:\/\/www.cronicasdeitarantim.com.br\/v1\/wp-json\/wp\/v2\/posts\/157136"}],"collection":[{"href":"https:\/\/www.cronicasdeitarantim.com.br\/v1\/wp-json\/wp\/v2\/posts"}],"about":[{"href":"https:\/\/www.cronicasdeitarantim.com.br\/v1\/wp-json\/wp\/v2\/types\/post"}],"author":[{"embeddable":true,"href":"https:\/\/www.cronicasdeitarantim.com.br\/v1\/wp-json\/wp\/v2\/users\/4"}],"replies":[{"embeddable":true,"href":"https:\/\/www.cronicasdeitarantim.com.br\/v1\/wp-json\/wp\/v2\/comments?post=157136"}],"version-history":[{"count":1,"href":"https:\/\/www.cronicasdeitarantim.com.br\/v1\/wp-json\/wp\/v2\/posts\/157136\/revisions"}],"predecessor-version":[{"id":157137,"href":"https:\/\/www.cronicasdeitarantim.com.br\/v1\/wp-json\/wp\/v2\/posts\/157136\/revisions\/157137"}],"wp:attachment":[{"href":"https:\/\/www.cronicasdeitarantim.com.br\/v1\/wp-json\/wp\/v2\/media?parent=157136"}],"wp:term":[{"taxonomy":"category","embeddable":true,"href":"https:\/\/www.cronicasdeitarantim.com.br\/v1\/wp-json\/wp\/v2\/categories?post=157136"},{"taxonomy":"post_tag","embeddable":true,"href":"https:\/\/www.cronicasdeitarantim.com.br\/v1\/wp-json\/wp\/v2\/tags?post=157136"}],"curies":[{"name":"wp","href":"https:\/\/api.w.org\/{rel}","templated":true}]}}