{"id":157112,"date":"2023-06-09T14:37:07","date_gmt":"2023-06-09T17:37:07","guid":{"rendered":"https:\/\/www.cronicasdeitarantim.com.br\/v1\/?p=157112"},"modified":"2023-06-09T14:37:07","modified_gmt":"2023-06-09T17:37:07","slug":"165-municipios-enviaram-planilha-de-gastos-ao-mp-ba-da-nossa-regiao-apenas-itarantim-e-mais-tres-cidades","status":"publish","type":"post","link":"https:\/\/www.cronicasdeitarantim.com.br\/v1\/2023\/06\/09\/165-municipios-enviaram-planilha-de-gastos-ao-mp-ba-da-nossa-regiao-apenas-itarantim-e-mais-tres-cidades\/","title":{"rendered":"165 munic\u00edpios enviaram planilha de gastos ao MP-BA, da nossa regi\u00e3o apenas Itarantim e mais tr\u00eas cidades"},"content":{"rendered":"<div class=\"conteudo_post\">\n<p>Aproximadamente 165 munic\u00edpios encaminhou ao Minist\u00e9rio P\u00fablico da Bahia (MP-BA) a planilha de investimentos referente aos festejos juninos de 2022 e 2023. Conforme o \u00f3rg\u00e3o, as informa\u00e7\u00f5es ser\u00e3o disponibilizadas atrav\u00e9s do \u2018Painel da Transpar\u00eancia\u2019, que poder\u00e3o ser acessadas no site do MP. A plataforma mostrar\u00e1 a grade de atra\u00e7\u00f5es de cada local, com data e hor\u00e1rio das apresenta\u00e7\u00f5es, al\u00e9m de possibilitar acesso direto \u00e0s redes sociais dos Munic\u00edpios colaboradores, facilitando ao cidad\u00e3o informa\u00e7\u00f5es quanto aos shows.<\/p>\n<p>O painel\u00a0ser\u00e1 apresentado na pr\u00f3xima quarta-feira (14), em audi\u00eancia p\u00fablica, que acontecer\u00e1 na sede do Minist\u00e9rio P\u00fablico baiano, localizada no Centro Administrativo (CAB), em Salvador, a partir das 9h. A plataforma faz parte da atua\u00e7\u00e3o de fiscaliza\u00e7\u00e3o, de car\u00e1ter preventivo e colaborativo, desenvolvida de forma articulada entre o Minist\u00e9rio P\u00fablico baiano, os Tribunais de Contas do Estado (TCE) e dos Munic\u00edpios (TCM), os Minist\u00e9rios P\u00fablicos de Contas junto ao TCE e TCM, e a Rede de Controle da Gest\u00e3o P\u00fablica. A Uni\u00e3o das Controladorias Internas do Estado da Bahia (Ucib) e a Uni\u00e3o dos Munic\u00edpios da Bahia (UPB) tamb\u00e9m s\u00e3o parceiras da iniciativa.<\/p>\n<p>Durante a audi\u00eancia, ser\u00e1 concedido pelos \u00f3rg\u00e3os de fiscaliza\u00e7\u00e3o o \u2018Selo de Transpar\u00eancia\u2019 aos Munic\u00edpios que forneceram as informa\u00e7\u00f5es e colaboraram com a alimenta\u00e7\u00e3o do Painel. O evento contar\u00e1 com a presen\u00e7a do coordenador e subcoordenadora do Centro de Apoio Operacional \u00e0s Promotorias de Justi\u00e7a de Prote\u00e7\u00e3o \u00e0 Moralidade Administrativa (Caopam) do MP, respectivamente promotores de Justi\u00e7a Frank Ferrari e Rita Tourinho; e representantes das institui\u00e7\u00f5es parceiras.<\/p>\n<p>(Com informa\u00e7\u00f5es do Bahia.ba, edi\u00e7\u00e3o e fotografia Cr\u00f4nicas de Itarantim).<\/p>\n<p><strong>Confira lista das cidades que integrar\u00e3o o Painel:<\/strong><\/p>\n<p>Aiquara<br \/>\nAlagoinhas<br \/>\nAlmadina<br \/>\nAm\u00e9rica Dourada<br \/>\nAndara\u00ed<br \/>\nAnt\u00f4nio Cardoso<br \/>\nAra\u00e7\u00e1s<br \/>\nAraci<br \/>\nArataca<br \/>\nAratu\u00edpe<br \/>\nBarra<br \/>\nBarra do Rocha<br \/>\nBarro Preto<br \/>\nBoa Nova<br \/>\nBoa Vista do Tupim<br \/>\nBom Jesus da Serra<br \/>\nBotupor\u00e3<br \/>\nBrejol\u00e2ndia<br \/>\nBrumado<br \/>\nBuritirama<br \/>\nCacul\u00e9<br \/>\nCa\u00e9m<br \/>\nCaetanos<br \/>\nCaetit\u00e9<br \/>\nCafarnaum<br \/>\nCaldeir\u00e3o Grande<br \/>\nCampo Formoso<br \/>\nCan\u00e1polis<br \/>\nCandeias<br \/>\nCansan\u00e7\u00e3o<br \/>\nCanudos<br \/>\nCapela do Alto Alegre<br \/>\nCasa Nova<br \/>\nCaturama<br \/>\nChorroch\u00f3<br \/>\nConcei\u00e7\u00e3o da Feira<br \/>\nConceicao do Coit\u00e9<br \/>\nConcei\u00e7\u00e3o do Jacu\u00edpe<br \/>\nConde\u00faba<br \/>\nCora\u00e7\u00e3o de Maria<br \/>\nCordeiros<br \/>\nCravol\u00e2ndia<br \/>\n\u00c9rico Cardoso<br \/>\nEsplanada<br \/>\nEuclides da Cunha<br \/>\nEun\u00e1polis<br \/>\nFeira de Santana<br \/>\nFilad\u00e9lfia<br \/>\nFirmino Alves<br \/>\nFormosa do Rio Preto<br \/>\nGandu<br \/>\nGl\u00f3ria<br \/>\nGovernador Mangabeira<br \/>\nGuanambi<br \/>\nIa\u00e7u<br \/>\nIbipeba<br \/>\nIbipitanga<br \/>\nIbirapitanga<br \/>\nIbirataia<br \/>\nIgapor\u00e3<br \/>\nIlh\u00e9us<br \/>\nIpia\u00fa<br \/>\nIrajuba<br \/>\nIrec\u00ea<br \/>\nItaberaba<br \/>\nItabuna<br \/>\nItaet\u00ea<br \/>\nItagi<br \/>\nItagib\u00e1<br \/>\nItaju do Col\u00f4nia<br \/>\nItaju\u00edpe<br \/>\nItaparica<br \/>\nItap\u00e9<br \/>\nItapebi<br \/>\nItapitanga<br \/>\nItarantim<br \/>\nItiru\u00e7u<br \/>\nIti\u00faba<br \/>\nItoror\u00f3<br \/>\nItuber\u00e1<br \/>\nJaguaquara<br \/>\nJaguaripe<br \/>\nJanda\u00edra<br \/>\nJequi\u00e9<br \/>\nJeremoabo<br \/>\nJita\u00fana<br \/>\nJucuru\u00e7u<br \/>\nLafaiete Coutinho<br \/>\nLagedo do Tabocal<br \/>\nLagoa Real<br \/>\nLauro de Freitas<br \/>\nLen\u00e7\u00f3is<br \/>\nLu\u00eds Eduardo Magalh\u00e3es<br \/>\nMaca\u00fabas<br \/>\nMadre de Deus<br \/>\nMaetinga<br \/>\nMarac\u00e1s<br \/>\nMara\u00fa<br \/>\nMata de S\u00e3o Jo\u00e3o<br \/>\nMiguel Calmon<br \/>\nMilagres<br \/>\nMirangaba<br \/>\nMirante<br \/>\nMorro do Chap\u00e9u<br \/>\nMulungu do Morro<br \/>\nMundo Novo<br \/>\nMuniz Ferreira<br \/>\nNazar\u00e9<br \/>\nNordestina<br \/>\nNova Itarana<br \/>\nNova Soure<br \/>\nNova Vi\u00e7osa<br \/>\nNovo Horizonte<br \/>\nOlindina<br \/>\nPalmeiras<br \/>\nParamirim<br \/>\nP\u00e9 de Serra<br \/>\nPinda\u00ed<br \/>\nPintadas<br \/>\nPlanaltino<br \/>\nPo\u00e7\u00f5es<br \/>\nPonto Novo<br \/>\nPotiragu\u00e1<br \/>\nPrado<br \/>\nPresidente Dutra<br \/>\nPresidente J\u00e2nio Quadros<br \/>\nPresidente Tancredo Neves<br \/>\nRiach\u00e3o do Jacu\u00edpe<br \/>\nRibeira do Amparo<br \/>\nRio do Ant\u00f4nio<br \/>\nRio do Pires<br \/>\nSalinas da Margarida<br \/>\nSalvador<br \/>\nSanta Br\u00edgida<br \/>\nSanta Cruz da Vit\u00f3ria<br \/>\nSanta In\u00eas<br \/>\nSanta Rita de C\u00e1ssia<br \/>\nSantana<br \/>\nSanto Amaro<br \/>\nSanto Ant\u00f4nio de Jesus<br \/>\nSanto Est\u00eav\u00e3o<br \/>\nS\u00e3o Gabriel<br \/>\nS\u00e3o Gon\u00e7alo dos Campos<br \/>\nS\u00e3o Miguel das Matas<br \/>\nS\u00e3o Sebasti\u00e3o do Pass\u00e9<br \/>\nS\u00e1tiro Dias<br \/>\nSa\u00fade<br \/>\nSeabra<br \/>\nSenhor do Bonfim<br \/>\nSerra Dourada<br \/>\nSerrinha<br \/>\nTabocas do Brejo Velho<br \/>\nTanque Novo<br \/>\nTeodoro Sampaio<br \/>\nTeol\u00e2ndia<br \/>\nTerra Nova<br \/>\nTucano<br \/>\nUau\u00e1<br \/>\nUba\u00edra<br \/>\nUtinga<br \/>\nValen\u00e7a<br \/>\nValente<br \/>\nV\u00e1rzea da Ro\u00e7a<br \/>\nWanderley<br \/>\nXique-Xique<\/p>\n<\/div>\n<div id=\"div-share\"><\/div>\n","protected":false},"excerpt":{"rendered":"<p>Aproximadamente 165 munic\u00edpios encaminhou ao Minist\u00e9rio P\u00fablico da Bahia (MP-BA) a planilha de investimentos referente aos festejos juninos de 2022 e 2023. Conforme o \u00f3rg\u00e3o, as informa\u00e7\u00f5es ser\u00e3o disponibilizadas atrav\u00e9s do \u2018Painel da Transpar\u00eancia\u2019, que poder\u00e3o ser acessadas no site do MP. A plataforma mostrar\u00e1 a grade de atra\u00e7\u00f5es de cada local, com data e hor\u00e1rio das apresenta\u00e7\u00f5es, al\u00e9m de possibilitar acesso direto \u00e0s redes sociais dos Munic\u00edpios colaboradores, facilitando ao cidad\u00e3o informa\u00e7\u00f5es quanto aos shows. O painel\u00a0ser\u00e1 apresentado na pr\u00f3xima quarta-feira (14), em audi\u00eancia p\u00fablica, que acontecer\u00e1 na sede do Minist\u00e9rio P\u00fablico baiano, localizada no Centro Administrativo (CAB), em [&hellip;]<\/p>\n","protected":false},"author":4,"featured_media":148573,"comment_status":"open","ping_status":"open","sticky":false,"template":"","format":"standard","meta":[],"categories":[295],"tags":[76,1780,2095,385,1664,1087],"_links":{"self":[{"href":"https:\/\/www.cronicasdeitarantim.com.br\/v1\/wp-json\/wp\/v2\/posts\/157112"}],"collection":[{"href":"https:\/\/www.cronicasdeitarantim.com.br\/v1\/wp-json\/wp\/v2\/posts"}],"about":[{"href":"https:\/\/www.cronicasdeitarantim.com.br\/v1\/wp-json\/wp\/v2\/types\/post"}],"author":[{"embeddable":true,"href":"https:\/\/www.cronicasdeitarantim.com.br\/v1\/wp-json\/wp\/v2\/users\/4"}],"replies":[{"embeddable":true,"href":"https:\/\/www.cronicasdeitarantim.com.br\/v1\/wp-json\/wp\/v2\/comments?post=157112"}],"version-history":[{"count":1,"href":"https:\/\/www.cronicasdeitarantim.com.br\/v1\/wp-json\/wp\/v2\/posts\/157112\/revisions"}],"predecessor-version":[{"id":157113,"href":"https:\/\/www.cronicasdeitarantim.com.br\/v1\/wp-json\/wp\/v2\/posts\/157112\/revisions\/157113"}],"wp:featuredmedia":[{"embeddable":true,"href":"https:\/\/www.cronicasdeitarantim.com.br\/v1\/wp-json\/wp\/v2\/media\/148573"}],"wp:attachment":[{"href":"https:\/\/www.cronicasdeitarantim.com.br\/v1\/wp-json\/wp\/v2\/media?parent=157112"}],"wp:term":[{"taxonomy":"category","embeddable":true,"href":"https:\/\/www.cronicasdeitarantim.com.br\/v1\/wp-json\/wp\/v2\/categories?post=157112"},{"taxonomy":"post_tag","embeddable":true,"href":"https:\/\/www.cronicasdeitarantim.com.br\/v1\/wp-json\/wp\/v2\/tags?post=157112"}],"curies":[{"name":"wp","href":"https:\/\/api.w.org\/{rel}","templated":true}]}}