{"id":157011,"date":"2023-06-04T14:53:37","date_gmt":"2023-06-04T17:53:37","guid":{"rendered":"https:\/\/www.cronicasdeitarantim.com.br\/v1\/?p=157011"},"modified":"2023-06-04T14:53:37","modified_gmt":"2023-06-04T17:53:37","slug":"em-itapetinga-menores-sao-apreendidos-traficando-drogas-no-bairro-primavera","status":"publish","type":"post","link":"https:\/\/www.cronicasdeitarantim.com.br\/v1\/2023\/06\/04\/em-itapetinga-menores-sao-apreendidos-traficando-drogas-no-bairro-primavera\/","title":{"rendered":"Em Itapetinga menores s\u00e3o apreendidos traficando drogas no Bairro Primavera"},"content":{"rendered":"<h4>Dois menores foram apreendidos neste s\u00e1bado (03) traficando drogas no Bairro Primavera em Itapetinga. De acordo com informa\u00e7\u00f5es da pol\u00edcia, uma den\u00fancia dizia que dois jovens estavam traficando na rua Corinthians, ao chegar no local realizando patrulhamento durante a Opera\u00e7\u00e3o Fortifica\u00e7\u00e3o, a pol\u00edcia identificou os menores com as caracter\u00edsticas indicadas e com os mesmos foram encontrados com o primeiro 30 pedras de subst\u00e2ncia an\u00e1loga ao crack e com o segundo 45 pedras da mesma subst\u00e2ncia.<\/h4>\n<h4>Os menores foram conduzidos a Delegacia de Pol\u00edcia para ado\u00e7\u00e3o de medidas cab\u00edveis.<\/h4>\n","protected":false},"excerpt":{"rendered":"<p>Dois menores foram apreendidos neste s\u00e1bado (03) traficando drogas no Bairro Primavera em Itapetinga. De acordo com informa\u00e7\u00f5es da pol\u00edcia, uma den\u00fancia dizia que dois jovens estavam traficando na rua Corinthians, ao chegar no local realizando patrulhamento durante a Opera\u00e7\u00e3o Fortifica\u00e7\u00e3o, a pol\u00edcia identificou os menores com as caracter\u00edsticas indicadas e com os mesmos foram encontrados com o primeiro 30 pedras de subst\u00e2ncia an\u00e1loga ao crack e com o segundo 45 pedras da mesma subst\u00e2ncia. Os menores foram conduzidos a Delegacia de Pol\u00edcia para ado\u00e7\u00e3o de medidas cab\u00edveis.<\/p>\n","protected":false},"author":4,"featured_media":157012,"comment_status":"open","ping_status":"open","sticky":false,"template":"","format":"standard","meta":[],"categories":[306],"tags":[67,1325,1780,425,1036],"_links":{"self":[{"href":"https:\/\/www.cronicasdeitarantim.com.br\/v1\/wp-json\/wp\/v2\/posts\/157011"}],"collection":[{"href":"https:\/\/www.cronicasdeitarantim.com.br\/v1\/wp-json\/wp\/v2\/posts"}],"about":[{"href":"https:\/\/www.cronicasdeitarantim.com.br\/v1\/wp-json\/wp\/v2\/types\/post"}],"author":[{"embeddable":true,"href":"https:\/\/www.cronicasdeitarantim.com.br\/v1\/wp-json\/wp\/v2\/users\/4"}],"replies":[{"embeddable":true,"href":"https:\/\/www.cronicasdeitarantim.com.br\/v1\/wp-json\/wp\/v2\/comments?post=157011"}],"version-history":[{"count":1,"href":"https:\/\/www.cronicasdeitarantim.com.br\/v1\/wp-json\/wp\/v2\/posts\/157011\/revisions"}],"predecessor-version":[{"id":157013,"href":"https:\/\/www.cronicasdeitarantim.com.br\/v1\/wp-json\/wp\/v2\/posts\/157011\/revisions\/157013"}],"wp:featuredmedia":[{"embeddable":true,"href":"https:\/\/www.cronicasdeitarantim.com.br\/v1\/wp-json\/wp\/v2\/media\/157012"}],"wp:attachment":[{"href":"https:\/\/www.cronicasdeitarantim.com.br\/v1\/wp-json\/wp\/v2\/media?parent=157011"}],"wp:term":[{"taxonomy":"category","embeddable":true,"href":"https:\/\/www.cronicasdeitarantim.com.br\/v1\/wp-json\/wp\/v2\/categories?post=157011"},{"taxonomy":"post_tag","embeddable":true,"href":"https:\/\/www.cronicasdeitarantim.com.br\/v1\/wp-json\/wp\/v2\/tags?post=157011"}],"curies":[{"name":"wp","href":"https:\/\/api.w.org\/{rel}","templated":true}]}}