{"id":156981,"date":"2023-06-02T10:57:56","date_gmt":"2023-06-02T13:57:56","guid":{"rendered":"https:\/\/www.cronicasdeitarantim.com.br\/v1\/?p=156981"},"modified":"2023-06-02T11:12:41","modified_gmt":"2023-06-02T14:12:41","slug":"luto-morre-em-maiquinique-seu-jose-americo-aos-75-anos","status":"publish","type":"post","link":"https:\/\/www.cronicasdeitarantim.com.br\/v1\/2023\/06\/02\/luto-morre-em-maiquinique-seu-jose-americo-aos-75-anos\/","title":{"rendered":"LUTO] Morre em Maiquinique seu Jos\u00e9 Am\u00e9rico aos 75 anos"},"content":{"rendered":"<div id=\":r5\" class=\"Ar Au Ao\">\n<div id=\":r1\" class=\"Am Al editable LW-avf tS-tW tS-tY\" tabindex=\"1\" role=\"textbox\" contenteditable=\"true\" spellcheck=\"false\" aria-label=\"Corpo da mensagem\" aria-multiline=\"true\" aria-owns=\":tu\" aria-controls=\":tu\">\n<h4>Morreu nesta quinta-feira (01) no Hospital de Base em Vit\u00f3ria da Conquista, o Sr. Jos\u00e9 Am\u00e9rico, aos 75 anos de idade. Seu Am\u00e9rico era muito querido na cidade e fazia parte das atividades do CRAS do munic\u00edpio. Ele era uma refer\u00eancia na cultura local, puxador forrozeiro de Quadrilha Junina de S\u00e3o Jo\u00e3o, era um amante das modas de viola e fazia parte da cultura do munic\u00edpio.<\/h4>\n<h4>Seu Am\u00e9rico era tio da Secret\u00e1ria de Educa\u00e7\u00e3o do munic\u00edpio, Patr\u00edcia Guimar\u00e3es. Pelas redes sociais oficiais da prefeitura, por meio de uma nota de pesar, a prefeita Val\u00e9ria Silveira decretou luto oficial.<\/h4>\n<\/div>\n<\/div>\n<h4>Veja nota:<\/h4>\n<div id=\":r5\" class=\"Ar Au Ao\">\n<div id=\":r1\" class=\"Am Al editable LW-avf tS-tW tS-tY\" tabindex=\"1\" role=\"textbox\" contenteditable=\"true\" spellcheck=\"false\" aria-label=\"Corpo da mensagem\" aria-multiline=\"true\" aria-owns=\":tu\" aria-controls=\":tu\">\n<blockquote><p>\u00a0 A Prefeita Val\u00e9ria Silveira decreta luto Oficial, hoje 02\/06\/2023 pelo falecimento do Senhor Jos\u00e9 Am\u00e9rico Queiroz Guimar\u00e3es. O Senhor Am\u00e9rico, como era conhecido, participou por muitos anos, das atividades do CRAS- Centro de Refer\u00eancia da Assist\u00eancia Social de Maiquinique, contagiava a todos, com sua alegria. Foi puxador forrozeiro de Quadrilha Junina, no S\u00e3o Jo\u00e3o e amava moda de viola. N\u00e3o se ouvir\u00e3o mais as can\u00e7\u00f5es dos anos 60 e 70 que por muitos anos se fizeram ouvir na Rua Aureliano Coelho. A m\u00fasica parou, mas as lembran\u00e7as ser\u00e3o eternas. Descanse em paz Senhor Am\u00e9rico.<\/p><\/blockquote>\n<p>Foto: Cronicas de Itarantim, acervo.<\/p>\n<\/div>\n<\/div>\n","protected":false},"excerpt":{"rendered":"<p>Morreu nesta quinta-feira (01) no Hospital de Base em Vit\u00f3ria da Conquista, o Sr. Jos\u00e9 Am\u00e9rico, aos 75 anos de idade. Seu Am\u00e9rico era muito querido na cidade e fazia parte das atividades do CRAS do munic\u00edpio. Ele era uma refer\u00eancia na cultura local, puxador forrozeiro de Quadrilha Junina de S\u00e3o Jo\u00e3o, era um amante das modas de viola e fazia parte da cultura do munic\u00edpio. Seu Am\u00e9rico era tio da Secret\u00e1ria de Educa\u00e7\u00e3o do munic\u00edpio, Patr\u00edcia Guimar\u00e3es. Pelas redes sociais oficiais da prefeitura, por meio de uma nota de pesar, a prefeita Val\u00e9ria Silveira decretou luto oficial. Veja nota: [&hellip;]<\/p>\n","protected":false},"author":4,"featured_media":156982,"comment_status":"open","ping_status":"open","sticky":false,"template":"","format":"standard","meta":[],"categories":[1448],"tags":[1780,495,392],"_links":{"self":[{"href":"https:\/\/www.cronicasdeitarantim.com.br\/v1\/wp-json\/wp\/v2\/posts\/156981"}],"collection":[{"href":"https:\/\/www.cronicasdeitarantim.com.br\/v1\/wp-json\/wp\/v2\/posts"}],"about":[{"href":"https:\/\/www.cronicasdeitarantim.com.br\/v1\/wp-json\/wp\/v2\/types\/post"}],"author":[{"embeddable":true,"href":"https:\/\/www.cronicasdeitarantim.com.br\/v1\/wp-json\/wp\/v2\/users\/4"}],"replies":[{"embeddable":true,"href":"https:\/\/www.cronicasdeitarantim.com.br\/v1\/wp-json\/wp\/v2\/comments?post=156981"}],"version-history":[{"count":3,"href":"https:\/\/www.cronicasdeitarantim.com.br\/v1\/wp-json\/wp\/v2\/posts\/156981\/revisions"}],"predecessor-version":[{"id":156985,"href":"https:\/\/www.cronicasdeitarantim.com.br\/v1\/wp-json\/wp\/v2\/posts\/156981\/revisions\/156985"}],"wp:featuredmedia":[{"embeddable":true,"href":"https:\/\/www.cronicasdeitarantim.com.br\/v1\/wp-json\/wp\/v2\/media\/156982"}],"wp:attachment":[{"href":"https:\/\/www.cronicasdeitarantim.com.br\/v1\/wp-json\/wp\/v2\/media?parent=156981"}],"wp:term":[{"taxonomy":"category","embeddable":true,"href":"https:\/\/www.cronicasdeitarantim.com.br\/v1\/wp-json\/wp\/v2\/categories?post=156981"},{"taxonomy":"post_tag","embeddable":true,"href":"https:\/\/www.cronicasdeitarantim.com.br\/v1\/wp-json\/wp\/v2\/tags?post=156981"}],"curies":[{"name":"wp","href":"https:\/\/api.w.org\/{rel}","templated":true}]}}