{"id":156960,"date":"2023-05-31T19:23:23","date_gmt":"2023-05-31T22:23:23","guid":{"rendered":"https:\/\/www.cronicasdeitarantim.com.br\/v1\/?p=156960"},"modified":"2023-05-31T19:23:23","modified_gmt":"2023-05-31T22:23:23","slug":"tristeza-recem-nascido-de-itarantim-morre-a-caminho-de-hospital","status":"publish","type":"post","link":"https:\/\/www.cronicasdeitarantim.com.br\/v1\/2023\/05\/31\/tristeza-recem-nascido-de-itarantim-morre-a-caminho-de-hospital\/","title":{"rendered":"TRISTEZA] Rec\u00e9m nascido de Itarantim morre a caminho de hospital"},"content":{"rendered":"<h4>Um tristeza em Itarantim essa semana. Um rec\u00e9m nascido morreu nesta ter\u00e7a-feira (30) a caminho do hospital na BA\/270 quando estaria sendo transferido para um hospital na cidade de Itabuna.<\/h4>\n<h4>O site entrou em contato com a dire\u00e7\u00e3o do Hospital Regional de Itarantim no qual nos informou que, o rec\u00e9m nascido nasceu prematuro e necessitava de UTI, estava no aguardo de uma regula\u00e7\u00e3o que saiu para a cidade de Itabuna, a crian\u00e7a foi transferida numa UTI-M\u00f3vel de Itarantim para a cidade do sul da Bahia, mas n\u00e3o resistiu e veio a \u00f3bito ainda na estrada.<\/h4>\n<h4>A dire\u00e7\u00e3o do hospital de Itarantim ainda nos informou que a m\u00e3e da crian\u00e7a, na semana passada, numa quinta-feira, tinha sido transferida atrav\u00e9s de uma regula\u00e7\u00e3o para o Hospital Esa\u00fa Matos em Vit\u00f3ria da Conquista, l\u00e1 os m\u00e9dicos pediram que a paciente retornasse para a cidade de origem, Itarantim.<\/h4>\n<h4>O hospital ainda informou para nossa reportagem que o rec\u00e9m nascido necessitava com urg\u00eancia ser transferido e uma UTI-A\u00e9rea chegou a ser\u00a0cogitada para a capital Salvador, no entanto o estado decidiu a transfer\u00eancia para a cidade de Itabuna.<\/h4>\n<h4>Pelas informa\u00e7\u00f5es colhidas pela nossa reportagem, houve por duas vezes casos de neglig\u00eancias. A primeira na transfer\u00eancia da paciente para o Hospital Esa\u00fa Matos de Vit\u00f3ria da Conquista e a segunda a regula\u00e7\u00e3o do estado que segundo informa\u00e7\u00f5es, alegaram que a transfer\u00eancia do rec\u00e9m nascido numa Aeronave geraria muitos gastos.<\/h4>\n<h4>A nossa reportagem tentou falar com familiares do rec\u00e9m nascido, mas at\u00e9 o fechamento desta mat\u00e9ria n\u00e3o obtivemos nenhuma informa\u00e7\u00e3o.<\/h4>\n<h4>O site deixa o espa\u00e7o aberto para manifesta\u00e7\u00f5es dos citados e familiares.<\/h4>\n<p>&nbsp;<\/p>\n","protected":false},"excerpt":{"rendered":"<p>Um tristeza em Itarantim essa semana. Um rec\u00e9m nascido morreu nesta ter\u00e7a-feira (30) a caminho do hospital na BA\/270 quando estaria sendo transferido para um hospital na cidade de Itabuna. O site entrou em contato com a dire\u00e7\u00e3o do Hospital Regional de Itarantim no qual nos informou que, o rec\u00e9m nascido nasceu prematuro e necessitava de UTI, estava no aguardo de uma regula\u00e7\u00e3o que saiu para a cidade de Itabuna, a crian\u00e7a foi transferida numa UTI-M\u00f3vel de Itarantim para a cidade do sul da Bahia, mas n\u00e3o resistiu e veio a \u00f3bito ainda na estrada. A dire\u00e7\u00e3o do hospital de [&hellip;]<\/p>\n","protected":false},"author":4,"featured_media":156961,"comment_status":"open","ping_status":"open","sticky":false,"template":"","format":"standard","meta":[],"categories":[345],"tags":[1780,2058,417,385,2057,2056,844],"_links":{"self":[{"href":"https:\/\/www.cronicasdeitarantim.com.br\/v1\/wp-json\/wp\/v2\/posts\/156960"}],"collection":[{"href":"https:\/\/www.cronicasdeitarantim.com.br\/v1\/wp-json\/wp\/v2\/posts"}],"about":[{"href":"https:\/\/www.cronicasdeitarantim.com.br\/v1\/wp-json\/wp\/v2\/types\/post"}],"author":[{"embeddable":true,"href":"https:\/\/www.cronicasdeitarantim.com.br\/v1\/wp-json\/wp\/v2\/users\/4"}],"replies":[{"embeddable":true,"href":"https:\/\/www.cronicasdeitarantim.com.br\/v1\/wp-json\/wp\/v2\/comments?post=156960"}],"version-history":[{"count":1,"href":"https:\/\/www.cronicasdeitarantim.com.br\/v1\/wp-json\/wp\/v2\/posts\/156960\/revisions"}],"predecessor-version":[{"id":156962,"href":"https:\/\/www.cronicasdeitarantim.com.br\/v1\/wp-json\/wp\/v2\/posts\/156960\/revisions\/156962"}],"wp:featuredmedia":[{"embeddable":true,"href":"https:\/\/www.cronicasdeitarantim.com.br\/v1\/wp-json\/wp\/v2\/media\/156961"}],"wp:attachment":[{"href":"https:\/\/www.cronicasdeitarantim.com.br\/v1\/wp-json\/wp\/v2\/media?parent=156960"}],"wp:term":[{"taxonomy":"category","embeddable":true,"href":"https:\/\/www.cronicasdeitarantim.com.br\/v1\/wp-json\/wp\/v2\/categories?post=156960"},{"taxonomy":"post_tag","embeddable":true,"href":"https:\/\/www.cronicasdeitarantim.com.br\/v1\/wp-json\/wp\/v2\/tags?post=156960"}],"curies":[{"name":"wp","href":"https:\/\/api.w.org\/{rel}","templated":true}]}}