{"id":156941,"date":"2023-05-30T20:23:42","date_gmt":"2023-05-30T23:23:42","guid":{"rendered":"https:\/\/www.cronicasdeitarantim.com.br\/v1\/?p=156941"},"modified":"2023-05-30T20:23:42","modified_gmt":"2023-05-30T23:23:42","slug":"paroquia-santo-antonio-de-itarantim-divulga-programacao-da-quermesse","status":"publish","type":"post","link":"https:\/\/www.cronicasdeitarantim.com.br\/v1\/2023\/05\/30\/paroquia-santo-antonio-de-itarantim-divulga-programacao-da-quermesse\/","title":{"rendered":"Par\u00f3quia Santo Ant\u00f4nio de Itarantim divulga programa\u00e7\u00e3o da quermesse"},"content":{"rendered":"<p>A Par\u00f3quia Santo Ant\u00f4nio de Itarantim divulgou a programa\u00e7\u00e3o dos festejos da quermesse. Na programa\u00e7\u00e3o que come\u00e7a nesta sexta-feira (02), v\u00e1rios cantores ir\u00e3o se apresentar.<\/p>\n<p>Na realidade os festejos de Santo Ant\u00f4nio, que culmina na solenidade dia 13 de junho, abre a temporada de festa come\u00e7ando dia 14\/15 anivers\u00e1rio da cidade com a festa de largo e indo at\u00e9 o dia 24 no S\u00e3o Jo\u00e3o.<\/p>\n<p>Lembrando que, a celebra\u00e7\u00e3o do padroeiro da cidade (Santo Ant\u00f4nio) acontecer\u00e1 toda noite at\u00e9 o dia 13 quando acontece a solenidade.<\/p>\n<p><img decoding=\"async\" loading=\"lazy\" class=\"alignnone size-medium wp-image-156942\" src=\"https:\/\/www.cronicasdeitarantim.com.br\/v1\/wp-content\/uploads\/2023\/05\/FB_IMG_1685488252281-240x300.jpg\" alt=\"\" width=\"240\" height=\"300\" \/><\/p>\n","protected":false},"excerpt":{"rendered":"<p>A Par\u00f3quia Santo Ant\u00f4nio de Itarantim divulgou a programa\u00e7\u00e3o dos festejos da quermesse. Na programa\u00e7\u00e3o que come\u00e7a nesta sexta-feira (02), v\u00e1rios cantores ir\u00e3o se apresentar. Na realidade os festejos de Santo Ant\u00f4nio, que culmina na solenidade dia 13 de junho, abre a temporada de festa come\u00e7ando dia 14\/15 anivers\u00e1rio da cidade com a festa de largo e indo at\u00e9 o dia 24 no S\u00e3o Jo\u00e3o. Lembrando que, a celebra\u00e7\u00e3o do padroeiro da cidade (Santo Ant\u00f4nio) acontecer\u00e1 toda noite at\u00e9 o dia 13 quando acontece a solenidade.<\/p>\n","protected":false},"author":4,"featured_media":0,"comment_status":"open","ping_status":"open","sticky":false,"template":"","format":"standard","meta":[],"categories":[310],"tags":[1780,412,1496,1033],"_links":{"self":[{"href":"https:\/\/www.cronicasdeitarantim.com.br\/v1\/wp-json\/wp\/v2\/posts\/156941"}],"collection":[{"href":"https:\/\/www.cronicasdeitarantim.com.br\/v1\/wp-json\/wp\/v2\/posts"}],"about":[{"href":"https:\/\/www.cronicasdeitarantim.com.br\/v1\/wp-json\/wp\/v2\/types\/post"}],"author":[{"embeddable":true,"href":"https:\/\/www.cronicasdeitarantim.com.br\/v1\/wp-json\/wp\/v2\/users\/4"}],"replies":[{"embeddable":true,"href":"https:\/\/www.cronicasdeitarantim.com.br\/v1\/wp-json\/wp\/v2\/comments?post=156941"}],"version-history":[{"count":1,"href":"https:\/\/www.cronicasdeitarantim.com.br\/v1\/wp-json\/wp\/v2\/posts\/156941\/revisions"}],"predecessor-version":[{"id":156943,"href":"https:\/\/www.cronicasdeitarantim.com.br\/v1\/wp-json\/wp\/v2\/posts\/156941\/revisions\/156943"}],"wp:attachment":[{"href":"https:\/\/www.cronicasdeitarantim.com.br\/v1\/wp-json\/wp\/v2\/media?parent=156941"}],"wp:term":[{"taxonomy":"category","embeddable":true,"href":"https:\/\/www.cronicasdeitarantim.com.br\/v1\/wp-json\/wp\/v2\/categories?post=156941"},{"taxonomy":"post_tag","embeddable":true,"href":"https:\/\/www.cronicasdeitarantim.com.br\/v1\/wp-json\/wp\/v2\/tags?post=156941"}],"curies":[{"name":"wp","href":"https:\/\/api.w.org\/{rel}","templated":true}]}}