{"id":156935,"date":"2023-05-30T17:50:30","date_gmt":"2023-05-30T20:50:30","guid":{"rendered":"https:\/\/www.cronicasdeitarantim.com.br\/v1\/?p=156935"},"modified":"2023-05-30T17:50:30","modified_gmt":"2023-05-30T20:50:30","slug":"ex-prefeito-de-eunapolis-e-condenado-a-devolver-r-673-mil-e-a-pagar-multa-de-r-4-mil","status":"publish","type":"post","link":"https:\/\/www.cronicasdeitarantim.com.br\/v1\/2023\/05\/30\/ex-prefeito-de-eunapolis-e-condenado-a-devolver-r-673-mil-e-a-pagar-multa-de-r-4-mil\/","title":{"rendered":"Ex-prefeito de Eun\u00e1polis \u00e9 condenado a devolver R$ 67,3 mil e a pagar multa de R$ 4 mil"},"content":{"rendered":"<p>O ex-prefeito de\u00a0Eun\u00e1polis, Rob\u00e9rio Oliveira, foi condenado pela 1\u00aa C\u00e2mara do Tribunal de Contas do Estado da Bahia (TCE-BA) a devolver ao er\u00e1rio estadual o valor de R$ 67.324,02 (data de refer\u00eancia 29\/06\/2010) e pagar uma multa no valor de R$ 4 mil. O \u00f3rg\u00e3o reprovou a presta\u00e7\u00e3o de contas do conv\u00eanio 198\/2010, firmado pela Companhia de Desenvolvimento Urbano do Estado da Bahia (Conder) com a Prefeitura Municipal em 2010.<\/p>\n<p>O conv\u00eanio visava executar servi\u00e7os de pavimenta\u00e7\u00e3o asf\u00e1ltica e drenagens de vias. No entanto, as obras foram parcialmente executadas e graves irregularidades e fragilidades foram detectadas na gest\u00e3o financeira dos valores recebidos. Jos\u00e9 Rob\u00e9rio Batista foi prefeito de Eun\u00e1polis por tr\u00eas mandatos (2005-2008, 2009-2012 e 2017-2020).<\/p>\n<p>O conv\u00eanio 024\/2015 tamb\u00e9m teve as contas reprovadas, com imputa\u00e7\u00e3o de d\u00e9bito, aplica\u00e7\u00e3o de multa e expedi\u00e7\u00e3o de recomenda\u00e7\u00f5es. Este foi firmado pela Companhia de Desenvolvimento e A\u00e7\u00e3o Regional (CAR) com a Associa\u00e7\u00e3o Comunit\u00e1ria dos Pequenos Produtores Rurais do Povoado Tiririca. O objetivo do conv\u00eanio era a coopera\u00e7\u00e3o t\u00e9cnica e financeira visando a implanta\u00e7\u00e3o de uma unidade de beneficiamento de mel, que atenderia a cinquenta apicultores do munic\u00edpio de Coronel Jo\u00e3o S\u00e1. Al\u00e9m da desaprova\u00e7\u00e3o, o gestor respons\u00e1vel pela entidade, Martinho Perc\u00edlio dos Santos, ter\u00e1 que devolver R$ 111.619,83 ao er\u00e1rio estadual e pagar multa de R$ 5 mil. (Bahia Not\u00edcias).<\/p>\n","protected":false},"excerpt":{"rendered":"<p>O ex-prefeito de\u00a0Eun\u00e1polis, Rob\u00e9rio Oliveira, foi condenado pela 1\u00aa C\u00e2mara do Tribunal de Contas do Estado da Bahia (TCE-BA) a devolver ao er\u00e1rio estadual o valor de R$ 67.324,02 (data de refer\u00eancia 29\/06\/2010) e pagar uma multa no valor de R$ 4 mil. O \u00f3rg\u00e3o reprovou a presta\u00e7\u00e3o de contas do conv\u00eanio 198\/2010, firmado pela Companhia de Desenvolvimento Urbano do Estado da Bahia (Conder) com a Prefeitura Municipal em 2010. O conv\u00eanio visava executar servi\u00e7os de pavimenta\u00e7\u00e3o asf\u00e1ltica e drenagens de vias. No entanto, as obras foram parcialmente executadas e graves irregularidades e fragilidades foram detectadas na gest\u00e3o financeira dos [&hellip;]<\/p>\n","protected":false},"author":4,"featured_media":156936,"comment_status":"open","ping_status":"open","sticky":false,"template":"","format":"standard","meta":[],"categories":[304],"tags":[975,1780,2054,443,1569],"_links":{"self":[{"href":"https:\/\/www.cronicasdeitarantim.com.br\/v1\/wp-json\/wp\/v2\/posts\/156935"}],"collection":[{"href":"https:\/\/www.cronicasdeitarantim.com.br\/v1\/wp-json\/wp\/v2\/posts"}],"about":[{"href":"https:\/\/www.cronicasdeitarantim.com.br\/v1\/wp-json\/wp\/v2\/types\/post"}],"author":[{"embeddable":true,"href":"https:\/\/www.cronicasdeitarantim.com.br\/v1\/wp-json\/wp\/v2\/users\/4"}],"replies":[{"embeddable":true,"href":"https:\/\/www.cronicasdeitarantim.com.br\/v1\/wp-json\/wp\/v2\/comments?post=156935"}],"version-history":[{"count":1,"href":"https:\/\/www.cronicasdeitarantim.com.br\/v1\/wp-json\/wp\/v2\/posts\/156935\/revisions"}],"predecessor-version":[{"id":156937,"href":"https:\/\/www.cronicasdeitarantim.com.br\/v1\/wp-json\/wp\/v2\/posts\/156935\/revisions\/156937"}],"wp:featuredmedia":[{"embeddable":true,"href":"https:\/\/www.cronicasdeitarantim.com.br\/v1\/wp-json\/wp\/v2\/media\/156936"}],"wp:attachment":[{"href":"https:\/\/www.cronicasdeitarantim.com.br\/v1\/wp-json\/wp\/v2\/media?parent=156935"}],"wp:term":[{"taxonomy":"category","embeddable":true,"href":"https:\/\/www.cronicasdeitarantim.com.br\/v1\/wp-json\/wp\/v2\/categories?post=156935"},{"taxonomy":"post_tag","embeddable":true,"href":"https:\/\/www.cronicasdeitarantim.com.br\/v1\/wp-json\/wp\/v2\/tags?post=156935"}],"curies":[{"name":"wp","href":"https:\/\/api.w.org\/{rel}","templated":true}]}}