{"id":156852,"date":"2023-05-25T13:42:05","date_gmt":"2023-05-25T16:42:05","guid":{"rendered":"https:\/\/www.cronicasdeitarantim.com.br\/v1\/?p=156852"},"modified":"2023-05-25T13:42:05","modified_gmt":"2023-05-25T16:42:05","slug":"em-cpmi-otto-alencar-manda-senador-bolsonarista-ficar-calado-apos-interrupcao-de-colega","status":"publish","type":"post","link":"https:\/\/www.cronicasdeitarantim.com.br\/v1\/2023\/05\/25\/em-cpmi-otto-alencar-manda-senador-bolsonarista-ficar-calado-apos-interrupcao-de-colega\/","title":{"rendered":"Em CPMI Otto Alencar manda senador bolsonarista ficar calado ap\u00f3s interrup\u00e7\u00e3o de colega"},"content":{"rendered":"<p>O senador Otto Alencar (PSD-BA), ao presidir interinamente a Comiss\u00e3o Mista Parlamentar de Inqu\u00e9rito (CPMI) do 8 de janeiro, mandou o senador Marcos do Val (Podemos-ES) ficar calado ap\u00f3s o senador interromper por v\u00e1rias vezes o colega de bancada na comiss\u00e3o. Otto disse para o senador que l\u00e1 era o senado e n\u00e3o uma delegacia e disse para ele respeitar a fala do colega permanecendo em sil\u00eancio.<\/p>\n<blockquote>\n<h5>&#8220;Vossa excel\u00eancia est\u00e1 sendo anti\u00e9tico, interrompendo o seu colega. Sei da sua proced\u00eancia na pol\u00edcia, aqui n\u00e3o \u00e9 delegacia de pol\u00edcia n\u00e3o, se mantenha calado. Se comporte como senador, o senhor n\u00e3o tem se comportado como senador em outras datas aqui&#8221;.<\/h5>\n<\/blockquote>\n<p>Confira v\u00eddeo clicando no link do nosso Instagram e nosso Twitter<\/p>\n<p><a href=\"https:\/\/www.instagram.com\/reel\/CsrDM1cpYuk\/?utm_source=ig_web_copy_link&amp;igshid=MmJiY2I4NDBkZg==\">https:\/\/www.instagram.com\/reel\/CsrDM1cpYuk\/?utm_source=ig_web_copy_link&amp;igshid=MmJiY2I4NDBkZg==<\/a><\/p>\n<blockquote class=\"twitter-tweet\" data-width=\"550\" data-dnt=\"true\">\n<p lang=\"pt\" dir=\"ltr\">O senador Otto Alencar manda senador Marcos do Val ficar calado ap\u00f3s parlamentar interromper seu colega por v\u00e1rias vezes. <a href=\"https:\/\/t.co\/y9uPSUm6gq\">pic.twitter.com\/y9uPSUm6gq<\/a><\/p>\n<p>&mdash; Cr\u00f4nicas de Itarantim (@CItarantim) <a href=\"https:\/\/twitter.com\/CItarantim\/status\/1661772008374382599?ref_src=twsrc%5Etfw\">May 25, 2023<\/a><\/p><\/blockquote>\n<p><script async src=\"https:\/\/platform.twitter.com\/widgets.js\" charset=\"utf-8\"><\/script><\/p>\n","protected":false},"excerpt":{"rendered":"<p>O senador Otto Alencar (PSD-BA), ao presidir interinamente a Comiss\u00e3o Mista Parlamentar de Inqu\u00e9rito (CPMI) do 8 de janeiro, mandou o senador Marcos do Val (Podemos-ES) ficar calado ap\u00f3s o senador interromper por v\u00e1rias vezes o colega de bancada na comiss\u00e3o. Otto disse para o senador que l\u00e1 era o senado e n\u00e3o uma delegacia e disse para ele respeitar a fala do colega permanecendo em sil\u00eancio. &#8220;Vossa excel\u00eancia est\u00e1 sendo anti\u00e9tico, interrompendo o seu colega. Sei da sua proced\u00eancia na pol\u00edcia, aqui n\u00e3o \u00e9 delegacia de pol\u00edcia n\u00e3o, se mantenha calado. Se comporte como senador, o senhor n\u00e3o tem [&hellip;]<\/p>\n","protected":false},"author":4,"featured_media":156853,"comment_status":"open","ping_status":"open","sticky":false,"template":"","format":"standard","meta":[],"categories":[304],"tags":[2034,2033,1780,1857,259],"_links":{"self":[{"href":"https:\/\/www.cronicasdeitarantim.com.br\/v1\/wp-json\/wp\/v2\/posts\/156852"}],"collection":[{"href":"https:\/\/www.cronicasdeitarantim.com.br\/v1\/wp-json\/wp\/v2\/posts"}],"about":[{"href":"https:\/\/www.cronicasdeitarantim.com.br\/v1\/wp-json\/wp\/v2\/types\/post"}],"author":[{"embeddable":true,"href":"https:\/\/www.cronicasdeitarantim.com.br\/v1\/wp-json\/wp\/v2\/users\/4"}],"replies":[{"embeddable":true,"href":"https:\/\/www.cronicasdeitarantim.com.br\/v1\/wp-json\/wp\/v2\/comments?post=156852"}],"version-history":[{"count":1,"href":"https:\/\/www.cronicasdeitarantim.com.br\/v1\/wp-json\/wp\/v2\/posts\/156852\/revisions"}],"predecessor-version":[{"id":156854,"href":"https:\/\/www.cronicasdeitarantim.com.br\/v1\/wp-json\/wp\/v2\/posts\/156852\/revisions\/156854"}],"wp:featuredmedia":[{"embeddable":true,"href":"https:\/\/www.cronicasdeitarantim.com.br\/v1\/wp-json\/wp\/v2\/media\/156853"}],"wp:attachment":[{"href":"https:\/\/www.cronicasdeitarantim.com.br\/v1\/wp-json\/wp\/v2\/media?parent=156852"}],"wp:term":[{"taxonomy":"category","embeddable":true,"href":"https:\/\/www.cronicasdeitarantim.com.br\/v1\/wp-json\/wp\/v2\/categories?post=156852"},{"taxonomy":"post_tag","embeddable":true,"href":"https:\/\/www.cronicasdeitarantim.com.br\/v1\/wp-json\/wp\/v2\/tags?post=156852"}],"curies":[{"name":"wp","href":"https:\/\/api.w.org\/{rel}","templated":true}]}}