{"id":156759,"date":"2023-05-21T13:07:32","date_gmt":"2023-05-21T16:07:32","guid":{"rendered":"https:\/\/www.cronicasdeitarantim.com.br\/v1\/?p=156759"},"modified":"2023-05-21T13:24:37","modified_gmt":"2023-05-21T16:24:37","slug":"itarantim-celebrou-neste-final-de-semana-o-dia-municipal-dos-evangelicos","status":"publish","type":"post","link":"https:\/\/www.cronicasdeitarantim.com.br\/v1\/2023\/05\/21\/itarantim-celebrou-neste-final-de-semana-o-dia-municipal-dos-evangelicos\/","title":{"rendered":"Itarantim celebrou neste final de semana o Dia Municipal dos Evang\u00e9licos"},"content":{"rendered":"<h4>Foi celebrado neste final de semana sexta-feira (19) com a abertura e s\u00e1bado (20), o dia municipal dos evang\u00e9licos em Itarantim.<\/h4>\n<h4>O evento atraiu muita gente da cidade e de outras cidades circunvizinhas deixando a pra\u00e7a da prefeitura lotada.<\/h4>\n<h4>A data marca o dia que por uma lei no munic\u00edpio realiza o dia de celebra\u00e7\u00e3o dos crist\u00e3os evang\u00e9licos no munic\u00edpio que \u00e9 realizada com palestras voltadas a evangeliza\u00e7\u00e3o, ora\u00e7\u00e3o e shows com atra\u00e7\u00f5es locais e de outros estados.<\/h4>\n<h4>O evento \u00e9 sempre realizado pela Associa\u00e7\u00e3o dos Ministros Evang\u00e9licos de Itarantim (Amei).<\/h4>\n<p><iframe loading=\"lazy\" title=\"Dia dos Evang\u00e9licos \u00e9 realizado em Itarantim neste final de semana\" width=\"1200\" height=\"675\" src=\"https:\/\/www.youtube.com\/embed\/mWPWoTuF4Yo?feature=oembed\" frameborder=\"0\" allow=\"accelerometer; autoplay; clipboard-write; encrypted-media; gyroscope; picture-in-picture; web-share\" allowfullscreen><\/iframe><\/p>\n","protected":false},"excerpt":{"rendered":"<p>Foi celebrado neste final de semana sexta-feira (19) com a abertura e s\u00e1bado (20), o dia municipal dos evang\u00e9licos em Itarantim. O evento atraiu muita gente da cidade e de outras cidades circunvizinhas deixando a pra\u00e7a da prefeitura lotada. A data marca o dia que por uma lei no munic\u00edpio realiza o dia de celebra\u00e7\u00e3o dos crist\u00e3os evang\u00e9licos no munic\u00edpio que \u00e9 realizada com palestras voltadas a evangeliza\u00e7\u00e3o, ora\u00e7\u00e3o e shows com atra\u00e7\u00f5es locais e de outros estados. O evento \u00e9 sempre realizado pela Associa\u00e7\u00e3o dos Ministros Evang\u00e9licos de Itarantim (Amei).<\/p>\n","protected":false},"author":4,"featured_media":156760,"comment_status":"open","ping_status":"open","sticky":false,"template":"","format":"standard","meta":[],"categories":[310],"tags":[1172,1780,2000,987,385,1496],"_links":{"self":[{"href":"https:\/\/www.cronicasdeitarantim.com.br\/v1\/wp-json\/wp\/v2\/posts\/156759"}],"collection":[{"href":"https:\/\/www.cronicasdeitarantim.com.br\/v1\/wp-json\/wp\/v2\/posts"}],"about":[{"href":"https:\/\/www.cronicasdeitarantim.com.br\/v1\/wp-json\/wp\/v2\/types\/post"}],"author":[{"embeddable":true,"href":"https:\/\/www.cronicasdeitarantim.com.br\/v1\/wp-json\/wp\/v2\/users\/4"}],"replies":[{"embeddable":true,"href":"https:\/\/www.cronicasdeitarantim.com.br\/v1\/wp-json\/wp\/v2\/comments?post=156759"}],"version-history":[{"count":3,"href":"https:\/\/www.cronicasdeitarantim.com.br\/v1\/wp-json\/wp\/v2\/posts\/156759\/revisions"}],"predecessor-version":[{"id":156764,"href":"https:\/\/www.cronicasdeitarantim.com.br\/v1\/wp-json\/wp\/v2\/posts\/156759\/revisions\/156764"}],"wp:featuredmedia":[{"embeddable":true,"href":"https:\/\/www.cronicasdeitarantim.com.br\/v1\/wp-json\/wp\/v2\/media\/156760"}],"wp:attachment":[{"href":"https:\/\/www.cronicasdeitarantim.com.br\/v1\/wp-json\/wp\/v2\/media?parent=156759"}],"wp:term":[{"taxonomy":"category","embeddable":true,"href":"https:\/\/www.cronicasdeitarantim.com.br\/v1\/wp-json\/wp\/v2\/categories?post=156759"},{"taxonomy":"post_tag","embeddable":true,"href":"https:\/\/www.cronicasdeitarantim.com.br\/v1\/wp-json\/wp\/v2\/tags?post=156759"}],"curies":[{"name":"wp","href":"https:\/\/api.w.org\/{rel}","templated":true}]}}