{"id":156739,"date":"2023-05-19T19:12:11","date_gmt":"2023-05-19T22:12:11","guid":{"rendered":"https:\/\/www.cronicasdeitarantim.com.br\/v1\/?p=156739"},"modified":"2023-05-19T19:12:53","modified_gmt":"2023-05-19T22:12:53","slug":"homem-e-preso-em-macarani-por-trafico-de-drogas-e-posse-ilegal-de-arma","status":"publish","type":"post","link":"https:\/\/www.cronicasdeitarantim.com.br\/v1\/2023\/05\/19\/homem-e-preso-em-macarani-por-trafico-de-drogas-e-posse-ilegal-de-arma\/","title":{"rendered":"Homem \u00e9 preso em Macarani por tr\u00e1fico de drogas e posse ilegal de arma"},"content":{"rendered":"<p>Por volta das 16h15 desta sexta-feira (19\/05), a guarni\u00e7\u00e3o do PETO da 8\u00aaCIPM realizava patrulhamento t\u00e1tico pela Rua Dam\u00e1sio Ferreira, na cidade de Macaran\u00ed\/BA, quando avistou um homem de 19 anos que sobre o mesmo pairam varias den\u00fancias relacionadas ao tr\u00e1fico de drogas e porte de arma. Os policiais o abordaram e encontraram uma arma, muni\u00e7\u00f5es e entorpecentes. Diante dos fatos, o autor e todo material foram encaminhados at\u00e9 \u00e0 DP de Macaran\u00ed para ado\u00e7\u00e3o das medidas legais.<\/p>\n<p>\u27a1\ufe0f *MATERIAL APREENDIDO:*<br \/>\n\u270501 rev\u00f3lver (calibre .32)<br \/>\n\u270501 por\u00e7\u00e3o pequena de maconha (12 gramas)<br \/>\n\u270509 muni\u00e7\u00f5es<br \/>\n\u270501 bucha de maconha<br \/>\n\u2705R$ 444,00<br \/>\n\u270503 microtubos vazios<br \/>\n\u270501 balan\u00e7a de precis\u00e3o<br \/>\n\u270502 celulares Samsung<\/p>\n<p style=\"text-align: left;\">FONTE:* ASCOM &#8211; 8\u00aa CIPM\/Itapetinga<\/p>\n","protected":false},"excerpt":{"rendered":"<p>Por volta das 16h15 desta sexta-feira (19\/05), a guarni\u00e7\u00e3o do PETO da 8\u00aaCIPM realizava patrulhamento t\u00e1tico pela Rua Dam\u00e1sio Ferreira, na cidade de Macaran\u00ed\/BA, quando avistou um homem de 19 anos que sobre o mesmo pairam varias den\u00fancias relacionadas ao tr\u00e1fico de drogas e porte de arma. Os policiais o abordaram e encontraram uma arma, muni\u00e7\u00f5es e entorpecentes. Diante dos fatos, o autor e todo material foram encaminhados at\u00e9 \u00e0 DP de Macaran\u00ed para ado\u00e7\u00e3o das medidas legais. \u27a1\ufe0f *MATERIAL APREENDIDO:* \u270501 rev\u00f3lver (calibre .32) \u270501 por\u00e7\u00e3o pequena de maconha (12 gramas) \u270509 muni\u00e7\u00f5es \u270501 bucha de maconha \u2705R$ 444,00 [&hellip;]<\/p>\n","protected":false},"author":4,"featured_media":0,"comment_status":"open","ping_status":"open","sticky":false,"template":"","format":"standard","meta":[],"categories":[306],"tags":[1780,476,434,1036],"_links":{"self":[{"href":"https:\/\/www.cronicasdeitarantim.com.br\/v1\/wp-json\/wp\/v2\/posts\/156739"}],"collection":[{"href":"https:\/\/www.cronicasdeitarantim.com.br\/v1\/wp-json\/wp\/v2\/posts"}],"about":[{"href":"https:\/\/www.cronicasdeitarantim.com.br\/v1\/wp-json\/wp\/v2\/types\/post"}],"author":[{"embeddable":true,"href":"https:\/\/www.cronicasdeitarantim.com.br\/v1\/wp-json\/wp\/v2\/users\/4"}],"replies":[{"embeddable":true,"href":"https:\/\/www.cronicasdeitarantim.com.br\/v1\/wp-json\/wp\/v2\/comments?post=156739"}],"version-history":[{"count":2,"href":"https:\/\/www.cronicasdeitarantim.com.br\/v1\/wp-json\/wp\/v2\/posts\/156739\/revisions"}],"predecessor-version":[{"id":156742,"href":"https:\/\/www.cronicasdeitarantim.com.br\/v1\/wp-json\/wp\/v2\/posts\/156739\/revisions\/156742"}],"wp:attachment":[{"href":"https:\/\/www.cronicasdeitarantim.com.br\/v1\/wp-json\/wp\/v2\/media?parent=156739"}],"wp:term":[{"taxonomy":"category","embeddable":true,"href":"https:\/\/www.cronicasdeitarantim.com.br\/v1\/wp-json\/wp\/v2\/categories?post=156739"},{"taxonomy":"post_tag","embeddable":true,"href":"https:\/\/www.cronicasdeitarantim.com.br\/v1\/wp-json\/wp\/v2\/tags?post=156739"}],"curies":[{"name":"wp","href":"https:\/\/api.w.org\/{rel}","templated":true}]}}