{"id":156733,"date":"2023-05-19T11:18:08","date_gmt":"2023-05-19T14:18:08","guid":{"rendered":"https:\/\/www.cronicasdeitarantim.com.br\/v1\/?p=156733"},"modified":"2023-05-19T11:18:08","modified_gmt":"2023-05-19T14:18:08","slug":"potiragua-acougueiros-do-distrito-de-itaimbe-estao-no-escuro","status":"publish","type":"post","link":"https:\/\/www.cronicasdeitarantim.com.br\/v1\/2023\/05\/19\/potiragua-acougueiros-do-distrito-de-itaimbe-estao-no-escuro\/","title":{"rendered":"POTIRAGU\u00c1] A\u00e7ougueiros do distrito de Itaimb\u00e9 est\u00e3o no escuro"},"content":{"rendered":"<h4>Os a\u00e7ougueiros de uma rede de a\u00e7ougues e bares do distrito de Itaimb\u00e9 pertencente a cidade de Potiragu\u00e1 est\u00e3o pedindo socorro. Um morador que comercializa no local entrou em contato com nossa reda\u00e7\u00e3o reclamando da situa\u00e7\u00e3o que j\u00e1 se arrasta h\u00e1 dias e ele afirma que est\u00e1 trabalhando no escuro utilizando velas. O distrito, como afirmam os moradores, vem padecendo com a situa\u00e7\u00e3o de abandono pela gest\u00e3o p\u00fablica.<\/h4>\n<h4>Confira a reclama\u00e7\u00e3o do morador:<\/h4>\n<p><iframe loading=\"lazy\" title=\"Morador do distrito de Itaimb\u00e9 reclama de abandono da prefeitura com a\u00e7ougueiros que est\u00e3o no escuro\" width=\"1200\" height=\"675\" src=\"https:\/\/www.youtube.com\/embed\/Pye_fbTXTYg?feature=oembed\" frameborder=\"0\" allow=\"accelerometer; autoplay; clipboard-write; encrypted-media; gyroscope; picture-in-picture; web-share\" allowfullscreen><\/iframe><\/p>\n","protected":false},"excerpt":{"rendered":"<p>Os a\u00e7ougueiros de uma rede de a\u00e7ougues e bares do distrito de Itaimb\u00e9 pertencente a cidade de Potiragu\u00e1 est\u00e3o pedindo socorro. Um morador que comercializa no local entrou em contato com nossa reda\u00e7\u00e3o reclamando da situa\u00e7\u00e3o que j\u00e1 se arrasta h\u00e1 dias e ele afirma que est\u00e1 trabalhando no escuro utilizando velas. O distrito, como afirmam os moradores, vem padecendo com a situa\u00e7\u00e3o de abandono pela gest\u00e3o p\u00fablica. Confira a reclama\u00e7\u00e3o do morador:<\/p>\n","protected":false},"author":4,"featured_media":156734,"comment_status":"open","ping_status":"open","sticky":false,"template":"","format":"standard","meta":[],"categories":[1448],"tags":[553,1780,419,1270,437],"_links":{"self":[{"href":"https:\/\/www.cronicasdeitarantim.com.br\/v1\/wp-json\/wp\/v2\/posts\/156733"}],"collection":[{"href":"https:\/\/www.cronicasdeitarantim.com.br\/v1\/wp-json\/wp\/v2\/posts"}],"about":[{"href":"https:\/\/www.cronicasdeitarantim.com.br\/v1\/wp-json\/wp\/v2\/types\/post"}],"author":[{"embeddable":true,"href":"https:\/\/www.cronicasdeitarantim.com.br\/v1\/wp-json\/wp\/v2\/users\/4"}],"replies":[{"embeddable":true,"href":"https:\/\/www.cronicasdeitarantim.com.br\/v1\/wp-json\/wp\/v2\/comments?post=156733"}],"version-history":[{"count":1,"href":"https:\/\/www.cronicasdeitarantim.com.br\/v1\/wp-json\/wp\/v2\/posts\/156733\/revisions"}],"predecessor-version":[{"id":156735,"href":"https:\/\/www.cronicasdeitarantim.com.br\/v1\/wp-json\/wp\/v2\/posts\/156733\/revisions\/156735"}],"wp:featuredmedia":[{"embeddable":true,"href":"https:\/\/www.cronicasdeitarantim.com.br\/v1\/wp-json\/wp\/v2\/media\/156734"}],"wp:attachment":[{"href":"https:\/\/www.cronicasdeitarantim.com.br\/v1\/wp-json\/wp\/v2\/media?parent=156733"}],"wp:term":[{"taxonomy":"category","embeddable":true,"href":"https:\/\/www.cronicasdeitarantim.com.br\/v1\/wp-json\/wp\/v2\/categories?post=156733"},{"taxonomy":"post_tag","embeddable":true,"href":"https:\/\/www.cronicasdeitarantim.com.br\/v1\/wp-json\/wp\/v2\/tags?post=156733"}],"curies":[{"name":"wp","href":"https:\/\/api.w.org\/{rel}","templated":true}]}}