{"id":156642,"date":"2023-05-15T02:02:21","date_gmt":"2023-05-15T05:02:21","guid":{"rendered":"https:\/\/www.cronicasdeitarantim.com.br\/v1\/?p=156642"},"modified":"2023-05-15T02:02:21","modified_gmt":"2023-05-15T05:02:21","slug":"tragedias-deixando-familias-enlutadas-marcaram-o-dia-das-maes-neste-domingo-na-regiao","status":"publish","type":"post","link":"https:\/\/www.cronicasdeitarantim.com.br\/v1\/2023\/05\/15\/tragedias-deixando-familias-enlutadas-marcaram-o-dia-das-maes-neste-domingo-na-regiao\/","title":{"rendered":"Trag\u00e9dias deixando fam\u00edlias enlutadas marcaram o Dia das M\u00e3es neste domingo na regi\u00e3o"},"content":{"rendered":"<h4>O Dia das M\u00e3es neste domingo (14) foi marcado por trag\u00e9dias na nossa regi\u00e3o. Para muitos, o dia que seria de alegria para comemorar perto de familiares e de suas m\u00e3es, foi marcado por trag\u00e9dias de acidentes em estradas na nossa regi\u00e3o.<\/h4>\n<h4>O primeiro acidente foi na estrada que liga a cidade de Itapetinga e Itamb\u00e9 na BA-263, um carro de passeio colidiu com uma carreta tirando a vida de uma mulher que morreu no local. A identidade dela n\u00e3o foi divulgada, o SAMU esteve no local para prestar atendimentos as outras v\u00edtimas que foram levadas para o hospital da cidade de Itapetinga.<\/h4>\n<h4>N\u00e3o temos informa\u00e7\u00f5es sobre o estado de sa\u00fade dos sobreviventes do acidente.<\/h4>\n<h4>O segundo acidente com v\u00edtima fatal e tamb\u00e9m uma mulher que perdeu a vida, foi na BR-116 na estrada que liga a cidade de Boa Nova, a v\u00edtima fatal foi identificada como Maria Alda, de 40 anos que estava indo para a cidade de Boa Nova. A mulher morreu no local com a colis\u00e3o entre dois ve\u00edculos, n\u00e3o obtivemos informa\u00e7\u00f5es se havia mais pessoas nos ve\u00edculos envolvidos no acidente.<\/h4>\n","protected":false},"excerpt":{"rendered":"<p>O Dia das M\u00e3es neste domingo (14) foi marcado por trag\u00e9dias na nossa regi\u00e3o. Para muitos, o dia que seria de alegria para comemorar perto de familiares e de suas m\u00e3es, foi marcado por trag\u00e9dias de acidentes em estradas na nossa regi\u00e3o. O primeiro acidente foi na estrada que liga a cidade de Itapetinga e Itamb\u00e9 na BA-263, um carro de passeio colidiu com uma carreta tirando a vida de uma mulher que morreu no local. A identidade dela n\u00e3o foi divulgada, o SAMU esteve no local para prestar atendimentos as outras v\u00edtimas que foram levadas para o hospital da [&hellip;]<\/p>\n","protected":false},"author":4,"featured_media":156643,"comment_status":"open","ping_status":"open","sticky":false,"template":"","format":"standard","meta":[],"categories":[306],"tags":[1372,1456,885,1780,423,425,427,1966],"_links":{"self":[{"href":"https:\/\/www.cronicasdeitarantim.com.br\/v1\/wp-json\/wp\/v2\/posts\/156642"}],"collection":[{"href":"https:\/\/www.cronicasdeitarantim.com.br\/v1\/wp-json\/wp\/v2\/posts"}],"about":[{"href":"https:\/\/www.cronicasdeitarantim.com.br\/v1\/wp-json\/wp\/v2\/types\/post"}],"author":[{"embeddable":true,"href":"https:\/\/www.cronicasdeitarantim.com.br\/v1\/wp-json\/wp\/v2\/users\/4"}],"replies":[{"embeddable":true,"href":"https:\/\/www.cronicasdeitarantim.com.br\/v1\/wp-json\/wp\/v2\/comments?post=156642"}],"version-history":[{"count":1,"href":"https:\/\/www.cronicasdeitarantim.com.br\/v1\/wp-json\/wp\/v2\/posts\/156642\/revisions"}],"predecessor-version":[{"id":156644,"href":"https:\/\/www.cronicasdeitarantim.com.br\/v1\/wp-json\/wp\/v2\/posts\/156642\/revisions\/156644"}],"wp:featuredmedia":[{"embeddable":true,"href":"https:\/\/www.cronicasdeitarantim.com.br\/v1\/wp-json\/wp\/v2\/media\/156643"}],"wp:attachment":[{"href":"https:\/\/www.cronicasdeitarantim.com.br\/v1\/wp-json\/wp\/v2\/media?parent=156642"}],"wp:term":[{"taxonomy":"category","embeddable":true,"href":"https:\/\/www.cronicasdeitarantim.com.br\/v1\/wp-json\/wp\/v2\/categories?post=156642"},{"taxonomy":"post_tag","embeddable":true,"href":"https:\/\/www.cronicasdeitarantim.com.br\/v1\/wp-json\/wp\/v2\/tags?post=156642"}],"curies":[{"name":"wp","href":"https:\/\/api.w.org\/{rel}","templated":true}]}}