{"id":156536,"date":"2023-05-08T19:42:21","date_gmt":"2023-05-08T22:42:21","guid":{"rendered":"https:\/\/www.cronicasdeitarantim.com.br\/v1\/?p=156536"},"modified":"2023-05-08T19:42:21","modified_gmt":"2023-05-08T22:42:21","slug":"em-potiragua-homem-agressor-espanca-mulher-em-plena-rua-da-cidade","status":"publish","type":"post","link":"https:\/\/www.cronicasdeitarantim.com.br\/v1\/2023\/05\/08\/em-potiragua-homem-agressor-espanca-mulher-em-plena-rua-da-cidade\/","title":{"rendered":"Em Potiragu\u00e1 homem (agressor) espanca mulher em plena rua da cidade"},"content":{"rendered":"<div id=\":r5\" class=\"Ar Au Ao\">\n<div id=\":r1\" class=\"Am Al editable LW-avf tS-tW tS-tY\" tabindex=\"1\" role=\"textbox\" contenteditable=\"true\" spellcheck=\"false\" aria-label=\"Corpo da mensagem\" aria-multiline=\"true\" aria-owns=\":tu\" aria-controls=\":tu\">\n<h4>Uma mulher foi espancada em plena rua na cidade de Potiragu\u00e1, o agressor chegou no local batendo na mulher.<\/h4>\n<h4>O fato triste de agress\u00e3o a uma mulher aconteceu neste domingo (07) numa rua pr\u00f3xima a rodovi\u00e1ria da cidade na localidade de um bar conhecido como Bar de Vevel. De acordo com informa\u00e7\u00f5es de pessoas, a confus\u00e3o aconteceu por conta de um atrito anterior da mulher com a esposa do agressor, que \u00e9 funcion\u00e1rio da prefeitura, e no momento ele chegou para tirar satisfa\u00e7\u00e3o j\u00e1 batendo na mulher dando socos no rosto.<\/h4>\n<h4>Ainda de acordo com informa\u00e7\u00f5es de parentes da v\u00edtima, que ficou com o rosto todo machucado e com sinais de fratura, o agressor \u00e9 bastante conhecido na cidade, ele \u00e9 motorista da prefeitura atuando como condutor da ambul\u00e2ncia do hospital.<\/h4>\n<h4>Nas redes sociais, familiares compartilharam a foto da mulher espancada e afirmando que ele j\u00e1 est\u00e1 acostumado a fazer isso. Em contato com nossa reda\u00e7\u00e3o, familiares afirmaram que nesta ter\u00e7a-feira (09) a v\u00edtima ir\u00e1 prestar um Boletim de Ocorr\u00eancia contra o agressor.<\/h4>\n<\/div>\n<\/div>\n","protected":false},"excerpt":{"rendered":"<p>Uma mulher foi espancada em plena rua na cidade de Potiragu\u00e1, o agressor chegou no local batendo na mulher. O fato triste de agress\u00e3o a uma mulher aconteceu neste domingo (07) numa rua pr\u00f3xima a rodovi\u00e1ria da cidade na localidade de um bar conhecido como Bar de Vevel. De acordo com informa\u00e7\u00f5es de pessoas, a confus\u00e3o aconteceu por conta de um atrito anterior da mulher com a esposa do agressor, que \u00e9 funcion\u00e1rio da prefeitura, e no momento ele chegou para tirar satisfa\u00e7\u00e3o j\u00e1 batendo na mulher dando socos no rosto. Ainda de acordo com informa\u00e7\u00f5es de parentes da v\u00edtima, [&hellip;]<\/p>\n","protected":false},"author":4,"featured_media":0,"comment_status":"open","ping_status":"open","sticky":false,"template":"","format":"standard","meta":[],"categories":[306],"tags":[1925,1780,437,1757],"_links":{"self":[{"href":"https:\/\/www.cronicasdeitarantim.com.br\/v1\/wp-json\/wp\/v2\/posts\/156536"}],"collection":[{"href":"https:\/\/www.cronicasdeitarantim.com.br\/v1\/wp-json\/wp\/v2\/posts"}],"about":[{"href":"https:\/\/www.cronicasdeitarantim.com.br\/v1\/wp-json\/wp\/v2\/types\/post"}],"author":[{"embeddable":true,"href":"https:\/\/www.cronicasdeitarantim.com.br\/v1\/wp-json\/wp\/v2\/users\/4"}],"replies":[{"embeddable":true,"href":"https:\/\/www.cronicasdeitarantim.com.br\/v1\/wp-json\/wp\/v2\/comments?post=156536"}],"version-history":[{"count":2,"href":"https:\/\/www.cronicasdeitarantim.com.br\/v1\/wp-json\/wp\/v2\/posts\/156536\/revisions"}],"predecessor-version":[{"id":156540,"href":"https:\/\/www.cronicasdeitarantim.com.br\/v1\/wp-json\/wp\/v2\/posts\/156536\/revisions\/156540"}],"wp:attachment":[{"href":"https:\/\/www.cronicasdeitarantim.com.br\/v1\/wp-json\/wp\/v2\/media?parent=156536"}],"wp:term":[{"taxonomy":"category","embeddable":true,"href":"https:\/\/www.cronicasdeitarantim.com.br\/v1\/wp-json\/wp\/v2\/categories?post=156536"},{"taxonomy":"post_tag","embeddable":true,"href":"https:\/\/www.cronicasdeitarantim.com.br\/v1\/wp-json\/wp\/v2\/tags?post=156536"}],"curies":[{"name":"wp","href":"https:\/\/api.w.org\/{rel}","templated":true}]}}