{"id":156529,"date":"2023-05-08T16:57:42","date_gmt":"2023-05-08T19:57:42","guid":{"rendered":"https:\/\/www.cronicasdeitarantim.com.br\/v1\/?p=156529"},"modified":"2023-05-08T17:16:24","modified_gmt":"2023-05-08T20:16:24","slug":"policia-militar-e-guarda-municipal-de-itarantim-fazem-resumo-das-ocorrencias-de-acidentes-no-municipio","status":"publish","type":"post","link":"https:\/\/www.cronicasdeitarantim.com.br\/v1\/2023\/05\/08\/policia-militar-e-guarda-municipal-de-itarantim-fazem-resumo-das-ocorrencias-de-acidentes-no-municipio\/","title":{"rendered":"Pol\u00edcia Militar e Guarda Municipal de Itarantim fazem resumo das ocorr\u00eancias de acidentes no munic\u00edpio"},"content":{"rendered":"<p>A Guarda Civil Municipal em a\u00e7\u00e3o conjunta com a Pol\u00edcia Militar, neste final de semana, atenderam ocorr\u00eancias de dois acidentes que aconteceram no munic\u00edpio de Itarantim. Os dois ocorridos aconteceram no s\u00e1bado (06), o site publicou aqui todas as informa\u00e7\u00f5es, confira: <a href=\"https:\/\/www.cronicasdeitarantim.com.br\/v1\/2023\/05\/06\/batida-de-carros-foi-registrada-na-noite-deste-sabado-em-itarantim\/\">Batida de carros,\u00a0<\/a><a href=\"https:\/\/www.cronicasdeitarantim.com.br\/v1\/2023\/05\/07\/mais-um-acidente-e-registrado-em-itarantim-na-ba-270-itarantim-potiragua\/\">acidente \u00e9 registrado em Itarantim. Itarantim\/Potiragu\u00e1<\/a><\/p>\n<p>O primeiro acidente noticiado aconteceu no bairro Tancredo Neves (Saracura), em que um ve\u00edculo bateu num carro que estava estacionado em uma das ruas. Sobre o comando do Subcomandante Edilson Cruz e do Subtenente George, eles informaram para nossa reda\u00e7\u00e3o que o acidente foi provocado por excesso de embriaguez pelo motorista que bateu no carro parado eles ainda nos informaram que o condutor do carro que bateu fugiu do local.<\/p>\n<p>J\u00e1 na BA\/270 o acidente aconteceu entre tr\u00eas ve\u00edculos e uma moto que acabou pegando fogo. De acordo com informa\u00e7\u00f5es passadas, um ve\u00edculo bateu numa Toro na BA, saiu da pista e chocou com o carro e a moto que estavam parados na entrada da fazenda de Trajano. Com o impacto causado pelo ve\u00edculo na motocicleta, ela pegou fogo ficando totalmente destru\u00edda.<\/p>\n<p>Ainda de acordo com informa\u00e7\u00f5es dos agentes da Guarda e Pol\u00edcia Militar que acompanharam os casos, assim como o primeiro acidente no per\u00edmetro urbano de Itarantim, o segundo na BA\/270 tamb\u00e9m tudo indica que foi causado por excesso de \u00e1lcool. O site n\u00e3o obteve informa\u00e7\u00f5es das identidades dos envolvidos, a Guarda ainda informou que os casos foram acompanhados e as situa\u00e7\u00f5es e os envolvidos foram apresentados \u00e0s autoridades competentes do munic\u00edpio para as medidas cab\u00edveis.<\/p>\n","protected":false},"excerpt":{"rendered":"<p>A Guarda Civil Municipal em a\u00e7\u00e3o conjunta com a Pol\u00edcia Militar, neste final de semana, atenderam ocorr\u00eancias de dois acidentes que aconteceram no munic\u00edpio de Itarantim. Os dois ocorridos aconteceram no s\u00e1bado (06), o site publicou aqui todas as informa\u00e7\u00f5es, confira: Batida de carros,\u00a0acidente \u00e9 registrado em Itarantim. Itarantim\/Potiragu\u00e1 O primeiro acidente noticiado aconteceu no bairro Tancredo Neves (Saracura), em que um ve\u00edculo bateu num carro que estava estacionado em uma das ruas. Sobre o comando do Subcomandante Edilson Cruz e do Subtenente George, eles informaram para nossa reda\u00e7\u00e3o que o acidente foi provocado por excesso de embriaguez pelo motorista [&hellip;]<\/p>\n","protected":false},"author":4,"featured_media":0,"comment_status":"open","ping_status":"open","sticky":false,"template":"","format":"standard","meta":[],"categories":[306],"tags":[1372,76,1780,732,385,814],"_links":{"self":[{"href":"https:\/\/www.cronicasdeitarantim.com.br\/v1\/wp-json\/wp\/v2\/posts\/156529"}],"collection":[{"href":"https:\/\/www.cronicasdeitarantim.com.br\/v1\/wp-json\/wp\/v2\/posts"}],"about":[{"href":"https:\/\/www.cronicasdeitarantim.com.br\/v1\/wp-json\/wp\/v2\/types\/post"}],"author":[{"embeddable":true,"href":"https:\/\/www.cronicasdeitarantim.com.br\/v1\/wp-json\/wp\/v2\/users\/4"}],"replies":[{"embeddable":true,"href":"https:\/\/www.cronicasdeitarantim.com.br\/v1\/wp-json\/wp\/v2\/comments?post=156529"}],"version-history":[{"count":3,"href":"https:\/\/www.cronicasdeitarantim.com.br\/v1\/wp-json\/wp\/v2\/posts\/156529\/revisions"}],"predecessor-version":[{"id":156535,"href":"https:\/\/www.cronicasdeitarantim.com.br\/v1\/wp-json\/wp\/v2\/posts\/156529\/revisions\/156535"}],"wp:attachment":[{"href":"https:\/\/www.cronicasdeitarantim.com.br\/v1\/wp-json\/wp\/v2\/media?parent=156529"}],"wp:term":[{"taxonomy":"category","embeddable":true,"href":"https:\/\/www.cronicasdeitarantim.com.br\/v1\/wp-json\/wp\/v2\/categories?post=156529"},{"taxonomy":"post_tag","embeddable":true,"href":"https:\/\/www.cronicasdeitarantim.com.br\/v1\/wp-json\/wp\/v2\/tags?post=156529"}],"curies":[{"name":"wp","href":"https:\/\/api.w.org\/{rel}","templated":true}]}}