{"id":156517,"date":"2023-05-08T09:27:06","date_gmt":"2023-05-08T12:27:06","guid":{"rendered":"https:\/\/www.cronicasdeitarantim.com.br\/v1\/?p=156517"},"modified":"2023-05-08T09:27:38","modified_gmt":"2023-05-08T12:27:38","slug":"governo-da-bahia-anuncia-investimento-de-r-125-milhoes-para-construcao-do-hospital-regional-de-alagoinhas","status":"publish","type":"post","link":"https:\/\/www.cronicasdeitarantim.com.br\/v1\/2023\/05\/08\/governo-da-bahia-anuncia-investimento-de-r-125-milhoes-para-construcao-do-hospital-regional-de-alagoinhas\/","title":{"rendered":"Governo da Bahia anuncia investimento de R$ 125 milh\u00f5es para constru\u00e7\u00e3o do Hospital Regional de Alagoinhas"},"content":{"rendered":"<h4>O Governo da Bahia, anunciou neste domingo (07) a constru\u00e7\u00e3o de um Hospital Regional na cidade de Alagoinhas. O an\u00fancio foi feito durante a visita do governador Jer\u00f4nimo Rodrigues na cidade. De acordo com informa\u00e7\u00f5es do governo, o investimento ser\u00e1 um total de R $125 milh\u00f5es para a constru\u00e7\u00e3o do Hospital que ir\u00e1 atender 33 munic\u00edpios da regi\u00e3o.<\/h4>\n<div class=\"gmail-styles__Body-sc-1ffquwr-7 ePhtZb\">\n<h4>O hospital contar\u00e1 com 180 leitos, sendo 30 de UTI, e vai funcionar como refer\u00eancia em alta complexidade nas \u00e1reas de Neurologia, Neurocirurgia e Oncologia, al\u00e9m de assist\u00eancia Cardiovascular.<\/h4>\n<h4>O governador Jer\u00f4nimo, em campanha, tamb\u00e9m prometeu para a cidade de Itapetinga um Hospital Regional. Na \u00e9poca o ent\u00e3o candidato afirmou que seria uma de suas demandas caso fosse eleito para atender toda regi\u00e3o do Territ\u00f3rio M\u00e9dio Sudoeste que s\u00e3o trezes munic\u00edpios.<\/h4>\n<\/div>\n","protected":false},"excerpt":{"rendered":"<p>O Governo da Bahia, anunciou neste domingo (07) a constru\u00e7\u00e3o de um Hospital Regional na cidade de Alagoinhas. O an\u00fancio foi feito durante a visita do governador Jer\u00f4nimo Rodrigues na cidade. De acordo com informa\u00e7\u00f5es do governo, o investimento ser\u00e1 um total de R $125 milh\u00f5es para a constru\u00e7\u00e3o do Hospital que ir\u00e1 atender 33 munic\u00edpios da regi\u00e3o. O hospital contar\u00e1 com 180 leitos, sendo 30 de UTI, e vai funcionar como refer\u00eancia em alta complexidade nas \u00e1reas de Neurologia, Neurocirurgia e Oncologia, al\u00e9m de assist\u00eancia Cardiovascular. O governador Jer\u00f4nimo, em campanha, tamb\u00e9m prometeu para a cidade de Itapetinga um [&hellip;]<\/p>\n","protected":false},"author":4,"featured_media":156518,"comment_status":"open","ping_status":"open","sticky":false,"template":"","format":"standard","meta":[],"categories":[295],"tags":[1921,1780,435,1922,254],"_links":{"self":[{"href":"https:\/\/www.cronicasdeitarantim.com.br\/v1\/wp-json\/wp\/v2\/posts\/156517"}],"collection":[{"href":"https:\/\/www.cronicasdeitarantim.com.br\/v1\/wp-json\/wp\/v2\/posts"}],"about":[{"href":"https:\/\/www.cronicasdeitarantim.com.br\/v1\/wp-json\/wp\/v2\/types\/post"}],"author":[{"embeddable":true,"href":"https:\/\/www.cronicasdeitarantim.com.br\/v1\/wp-json\/wp\/v2\/users\/4"}],"replies":[{"embeddable":true,"href":"https:\/\/www.cronicasdeitarantim.com.br\/v1\/wp-json\/wp\/v2\/comments?post=156517"}],"version-history":[{"count":2,"href":"https:\/\/www.cronicasdeitarantim.com.br\/v1\/wp-json\/wp\/v2\/posts\/156517\/revisions"}],"predecessor-version":[{"id":156520,"href":"https:\/\/www.cronicasdeitarantim.com.br\/v1\/wp-json\/wp\/v2\/posts\/156517\/revisions\/156520"}],"wp:featuredmedia":[{"embeddable":true,"href":"https:\/\/www.cronicasdeitarantim.com.br\/v1\/wp-json\/wp\/v2\/media\/156518"}],"wp:attachment":[{"href":"https:\/\/www.cronicasdeitarantim.com.br\/v1\/wp-json\/wp\/v2\/media?parent=156517"}],"wp:term":[{"taxonomy":"category","embeddable":true,"href":"https:\/\/www.cronicasdeitarantim.com.br\/v1\/wp-json\/wp\/v2\/categories?post=156517"},{"taxonomy":"post_tag","embeddable":true,"href":"https:\/\/www.cronicasdeitarantim.com.br\/v1\/wp-json\/wp\/v2\/tags?post=156517"}],"curies":[{"name":"wp","href":"https:\/\/api.w.org\/{rel}","templated":true}]}}