{"id":156497,"date":"2023-05-06T23:03:50","date_gmt":"2023-05-07T02:03:50","guid":{"rendered":"https:\/\/www.cronicasdeitarantim.com.br\/v1\/?p=156497"},"modified":"2023-05-06T23:03:50","modified_gmt":"2023-05-07T02:03:50","slug":"batida-de-carros-foi-registrada-na-noite-deste-sabado-em-itarantim","status":"publish","type":"post","link":"https:\/\/www.cronicasdeitarantim.com.br\/v1\/2023\/05\/06\/batida-de-carros-foi-registrada-na-noite-deste-sabado-em-itarantim\/","title":{"rendered":"Batida de carros foi registrada na noite deste s\u00e1bado em Itarantim"},"content":{"rendered":"<p>Uma batida entre dois carros foi registrada na noite deste s\u00e1bado (06) nas imedia\u00e7\u00f5es do bairro Tancredo Neves (Saracura). De acordo com informa\u00e7\u00f5es passada ao site um dos carros bateu num ve\u00edculo parado em uma das ruas, ningu\u00e9m ficou ferido.<\/p>\n","protected":false},"excerpt":{"rendered":"<p>Uma batida entre dois carros foi registrada na noite deste s\u00e1bado (06) nas imedia\u00e7\u00f5es do bairro Tancredo Neves (Saracura). De acordo com informa\u00e7\u00f5es passada ao site um dos carros bateu num ve\u00edculo parado em uma das ruas, ningu\u00e9m ficou ferido.<\/p>\n","protected":false},"author":4,"featured_media":156498,"comment_status":"open","ping_status":"open","sticky":false,"template":"","format":"standard","meta":[],"categories":[306],"tags":[1372,1912,1780,385],"_links":{"self":[{"href":"https:\/\/www.cronicasdeitarantim.com.br\/v1\/wp-json\/wp\/v2\/posts\/156497"}],"collection":[{"href":"https:\/\/www.cronicasdeitarantim.com.br\/v1\/wp-json\/wp\/v2\/posts"}],"about":[{"href":"https:\/\/www.cronicasdeitarantim.com.br\/v1\/wp-json\/wp\/v2\/types\/post"}],"author":[{"embeddable":true,"href":"https:\/\/www.cronicasdeitarantim.com.br\/v1\/wp-json\/wp\/v2\/users\/4"}],"replies":[{"embeddable":true,"href":"https:\/\/www.cronicasdeitarantim.com.br\/v1\/wp-json\/wp\/v2\/comments?post=156497"}],"version-history":[{"count":1,"href":"https:\/\/www.cronicasdeitarantim.com.br\/v1\/wp-json\/wp\/v2\/posts\/156497\/revisions"}],"predecessor-version":[{"id":156499,"href":"https:\/\/www.cronicasdeitarantim.com.br\/v1\/wp-json\/wp\/v2\/posts\/156497\/revisions\/156499"}],"wp:featuredmedia":[{"embeddable":true,"href":"https:\/\/www.cronicasdeitarantim.com.br\/v1\/wp-json\/wp\/v2\/media\/156498"}],"wp:attachment":[{"href":"https:\/\/www.cronicasdeitarantim.com.br\/v1\/wp-json\/wp\/v2\/media?parent=156497"}],"wp:term":[{"taxonomy":"category","embeddable":true,"href":"https:\/\/www.cronicasdeitarantim.com.br\/v1\/wp-json\/wp\/v2\/categories?post=156497"},{"taxonomy":"post_tag","embeddable":true,"href":"https:\/\/www.cronicasdeitarantim.com.br\/v1\/wp-json\/wp\/v2\/tags?post=156497"}],"curies":[{"name":"wp","href":"https:\/\/api.w.org\/{rel}","templated":true}]}}