{"id":156323,"date":"2023-04-27T11:45:29","date_gmt":"2023-04-27T14:45:29","guid":{"rendered":"https:\/\/www.cronicasdeitarantim.com.br\/v1\/?p=156323"},"modified":"2023-04-27T11:45:29","modified_gmt":"2023-04-27T14:45:29","slug":"operacao-da-policia-militar-e-civil-prende-homicida-na-cidade-de-iguai","status":"publish","type":"post","link":"https:\/\/www.cronicasdeitarantim.com.br\/v1\/2023\/04\/27\/operacao-da-policia-militar-e-civil-prende-homicida-na-cidade-de-iguai\/","title":{"rendered":"Opera\u00e7\u00e3o da Pol\u00edcia Militar e Civil prende homicida na cidade de Igua\u00ed"},"content":{"rendered":"<div class=\"entry-content\">\n<p>Nesta quarta-feira (26) foi montada uma opera\u00e7\u00e3o conjunta entre a Pol\u00edcia Militar e a Pol\u00edcia Civil para prender envolvidos nos homic\u00eddios e tentativas de homic\u00eddio ocorridos na cidade de Igua\u00ed. Por volta das 15h as for\u00e7as policiais prenderam dois homens de 18 anos no Bairro Novo, em Itai\u00e1, no distrito de Firmino Alves. Um deles confessou para os policiais que participou de pelo menos dois homic\u00eddios ocorridos em Igua\u00ed.<\/p>\n<p>Com eles foi apreendido 03 (tr\u00eas) cartuchos calibre .12 e 03 (tr\u00eas) cartuchos calibre 9 mm.<br \/>\nEm a\u00e7\u00e3o cont\u00ednua na opera\u00e7\u00e3o, a Pol\u00edcia Militar e a Pol\u00edcia Civil apreenderam na sa\u00edda para o povoado de Ipiranga, ainda no distrito de Itai\u00e1, 01 (uma) Pistola calibre .380 com um carregador, 27 (vinte e sete) muni\u00e7\u00f5es do mesmo calibre e 24 (vinte e quatro) buchas maconha.<br \/>\nOs autores, juntamente com todo material apreendido, foram apresentados na Delegacia Territorial de Itapetinga para a ado\u00e7\u00e3o de procedimento cab\u00edvel.<\/p>\n<p>\u27a1\ufe0f\u00a0Material Apreendido:<br \/>\n\u2705\u00a001 (uma) Pistola calibre .380;<br \/>\n\u2705\u00a001 (um) carregador com 27 (vinte e sete) muni\u00e7\u00f5es calibre .380;<br \/>\n\u2705\u00a003 (tr\u00eas) cartuchos calibre .12;<br \/>\n\u2705\u00a003 (tr\u00eas) cartuchos calibre 9 mm;<br \/>\n\u2705\u00a024 (vinte e quatro) buchas maconha.<\/p>\n<\/div>\n<div class=\"clearfix\"><\/div>\n","protected":false},"excerpt":{"rendered":"<p>Nesta quarta-feira (26) foi montada uma opera\u00e7\u00e3o conjunta entre a Pol\u00edcia Militar e a Pol\u00edcia Civil para prender envolvidos nos homic\u00eddios e tentativas de homic\u00eddio ocorridos na cidade de Igua\u00ed. Por volta das 15h as for\u00e7as policiais prenderam dois homens de 18 anos no Bairro Novo, em Itai\u00e1, no distrito de Firmino Alves. Um deles confessou para os policiais que participou de pelo menos dois homic\u00eddios ocorridos em Igua\u00ed. Com eles foi apreendido 03 (tr\u00eas) cartuchos calibre .12 e 03 (tr\u00eas) cartuchos calibre 9 mm. Em a\u00e7\u00e3o cont\u00ednua na opera\u00e7\u00e3o, a Pol\u00edcia Militar e a Pol\u00edcia Civil apreenderam na sa\u00edda [&hellip;]<\/p>\n","protected":false},"author":4,"featured_media":156324,"comment_status":"open","ping_status":"open","sticky":false,"template":"","format":"standard","meta":[],"categories":[306],"tags":[1780,825,214,225,814],"_links":{"self":[{"href":"https:\/\/www.cronicasdeitarantim.com.br\/v1\/wp-json\/wp\/v2\/posts\/156323"}],"collection":[{"href":"https:\/\/www.cronicasdeitarantim.com.br\/v1\/wp-json\/wp\/v2\/posts"}],"about":[{"href":"https:\/\/www.cronicasdeitarantim.com.br\/v1\/wp-json\/wp\/v2\/types\/post"}],"author":[{"embeddable":true,"href":"https:\/\/www.cronicasdeitarantim.com.br\/v1\/wp-json\/wp\/v2\/users\/4"}],"replies":[{"embeddable":true,"href":"https:\/\/www.cronicasdeitarantim.com.br\/v1\/wp-json\/wp\/v2\/comments?post=156323"}],"version-history":[{"count":1,"href":"https:\/\/www.cronicasdeitarantim.com.br\/v1\/wp-json\/wp\/v2\/posts\/156323\/revisions"}],"predecessor-version":[{"id":156325,"href":"https:\/\/www.cronicasdeitarantim.com.br\/v1\/wp-json\/wp\/v2\/posts\/156323\/revisions\/156325"}],"wp:featuredmedia":[{"embeddable":true,"href":"https:\/\/www.cronicasdeitarantim.com.br\/v1\/wp-json\/wp\/v2\/media\/156324"}],"wp:attachment":[{"href":"https:\/\/www.cronicasdeitarantim.com.br\/v1\/wp-json\/wp\/v2\/media?parent=156323"}],"wp:term":[{"taxonomy":"category","embeddable":true,"href":"https:\/\/www.cronicasdeitarantim.com.br\/v1\/wp-json\/wp\/v2\/categories?post=156323"},{"taxonomy":"post_tag","embeddable":true,"href":"https:\/\/www.cronicasdeitarantim.com.br\/v1\/wp-json\/wp\/v2\/tags?post=156323"}],"curies":[{"name":"wp","href":"https:\/\/api.w.org\/{rel}","templated":true}]}}