{"id":156305,"date":"2023-04-26T16:54:52","date_gmt":"2023-04-26T19:54:52","guid":{"rendered":"https:\/\/www.cronicasdeitarantim.com.br\/v1\/?p=156305"},"modified":"2023-04-26T16:54:52","modified_gmt":"2023-04-26T19:54:52","slug":"professores-cobram-reajuste-de-piso-em-frente-secretaria-de-educacao","status":"publish","type":"post","link":"https:\/\/www.cronicasdeitarantim.com.br\/v1\/2023\/04\/26\/professores-cobram-reajuste-de-piso-em-frente-secretaria-de-educacao\/","title":{"rendered":"Professores cobram reajuste de piso em frente Secretaria de Educa\u00e7\u00e3o"},"content":{"rendered":"<p>Professores de Itarantim realizaram nesta quinta-feira (26) em frente da Secretaria de Educa\u00e7\u00e3o do munic\u00edpio ato cobrando o reajuste do piso salarial que a prefeitura n\u00e3o pagou.<\/p>\n<p>A paralisa\u00e7\u00e3o faz parte de uma agenda nacional que nesta quinta-feira paralisou o setor da educa\u00e7\u00e3o em cidades de todo Brasil.<\/p>\n<p>Em Itarantim a paralisa\u00e7\u00e3o foi organizada pela APLB Sindicato N\u00facleo Itarantim que cobrou do prefeito, F\u00e1bio Gusm\u00e3o, o reajuste de 2022 e deste ano de 2023 que a prefeitura n\u00e3o pagou.<\/p>\n","protected":false},"excerpt":{"rendered":"<p>Professores de Itarantim realizaram nesta quinta-feira (26) em frente da Secretaria de Educa\u00e7\u00e3o do munic\u00edpio ato cobrando o reajuste do piso salarial que a prefeitura n\u00e3o pagou. A paralisa\u00e7\u00e3o faz parte de uma agenda nacional que nesta quinta-feira paralisou o setor da educa\u00e7\u00e3o em cidades de todo Brasil. Em Itarantim a paralisa\u00e7\u00e3o foi organizada pela APLB Sindicato N\u00facleo Itarantim que cobrou do prefeito, F\u00e1bio Gusm\u00e3o, o reajuste de 2022 e deste ano de 2023 que a prefeitura n\u00e3o pagou.<\/p>\n","protected":false},"author":4,"featured_media":156304,"comment_status":"open","ping_status":"open","sticky":false,"template":"","format":"standard","meta":[],"categories":[14],"tags":[1700,820,1780,130,385,1836,1543,1544],"_links":{"self":[{"href":"https:\/\/www.cronicasdeitarantim.com.br\/v1\/wp-json\/wp\/v2\/posts\/156305"}],"collection":[{"href":"https:\/\/www.cronicasdeitarantim.com.br\/v1\/wp-json\/wp\/v2\/posts"}],"about":[{"href":"https:\/\/www.cronicasdeitarantim.com.br\/v1\/wp-json\/wp\/v2\/types\/post"}],"author":[{"embeddable":true,"href":"https:\/\/www.cronicasdeitarantim.com.br\/v1\/wp-json\/wp\/v2\/users\/4"}],"replies":[{"embeddable":true,"href":"https:\/\/www.cronicasdeitarantim.com.br\/v1\/wp-json\/wp\/v2\/comments?post=156305"}],"version-history":[{"count":1,"href":"https:\/\/www.cronicasdeitarantim.com.br\/v1\/wp-json\/wp\/v2\/posts\/156305\/revisions"}],"predecessor-version":[{"id":156306,"href":"https:\/\/www.cronicasdeitarantim.com.br\/v1\/wp-json\/wp\/v2\/posts\/156305\/revisions\/156306"}],"wp:featuredmedia":[{"embeddable":true,"href":"https:\/\/www.cronicasdeitarantim.com.br\/v1\/wp-json\/wp\/v2\/media\/156304"}],"wp:attachment":[{"href":"https:\/\/www.cronicasdeitarantim.com.br\/v1\/wp-json\/wp\/v2\/media?parent=156305"}],"wp:term":[{"taxonomy":"category","embeddable":true,"href":"https:\/\/www.cronicasdeitarantim.com.br\/v1\/wp-json\/wp\/v2\/categories?post=156305"},{"taxonomy":"post_tag","embeddable":true,"href":"https:\/\/www.cronicasdeitarantim.com.br\/v1\/wp-json\/wp\/v2\/tags?post=156305"}],"curies":[{"name":"wp","href":"https:\/\/api.w.org\/{rel}","templated":true}]}}