{"id":156229,"date":"2023-04-24T13:06:58","date_gmt":"2023-04-24T16:06:58","guid":{"rendered":"https:\/\/www.cronicasdeitarantim.com.br\/v1\/?p=156229"},"modified":"2023-04-24T13:06:58","modified_gmt":"2023-04-24T16:06:58","slug":"bancada-ruralista-poe-invasoes-do-mst-na-mira-e-ameaca-lula-com-segunda-cpi","status":"publish","type":"post","link":"https:\/\/www.cronicasdeitarantim.com.br\/v1\/2023\/04\/24\/bancada-ruralista-poe-invasoes-do-mst-na-mira-e-ameaca-lula-com-segunda-cpi\/","title":{"rendered":"Bancada ruralista p\u00f5e invas\u00f5es do MST na mira e amea\u00e7a Lula com segunda CPI"},"content":{"rendered":"<p>A bancada ruralista na C\u00e2mara dos Deputados pode atuar para abrir uma CPI do Movimento dos Sem Terra (MST). Nesse cen\u00e1rio, o presidente Luiz In\u00e1cio Lula da Silva pode enfrentar uma segunda comiss\u00e3o no Congresso que contraria seus interesses depois de mudar de posi\u00e7\u00e3o e passar a defender a cria\u00e7\u00e3o de uma comiss\u00e3o parlamentar de inqu\u00e9rito para apurar os atos golpistas de 8 de janeiro \u2013 ainda pendente de instala\u00e7\u00e3o .<\/p>\n<p>Com articula\u00e7\u00e3o da Frente Parlamentar da Agropecu\u00e1ria (FPA), que protesta contra a onda de invas\u00f5es de propriedades rurais deflagrada no chamado \u201cAbril Vermelho\u201d, a instaura\u00e7\u00e3o do colegiado tem o apoio de deputados aliados do ex-presidente Jair Bolsonaro (PL). Os ruralistas acumulam atritos com a gest\u00e3o petista nestes primeiros tr\u00eas meses.<\/p>\n<p>Autor do requerimento de cria\u00e7\u00e3o da CPI j\u00e1 protocolado, o deputado Tenente-Coronel Zucco (Republicanos-RS) justifica que h\u00e1 \u201cpropriedades rurais produtivas sendo invadidas\u201d, al\u00e9m de \u201cum crescimento desordenado\u201d dessas a\u00e7\u00f5es. \u201cN\u00e3o cabe ao MST definir se a propriedade \u00e9 produtiva ou n\u00e3o. A pauta de reforma agr\u00e1ria \u00e9 pol\u00edtica, financeira e ideol\u00f3gica\u201d, afirma o deputado. O pedido j\u00e1 atingiu o n\u00famero m\u00ednimo necess\u00e1rio de assinaturas, com 171 ades\u00f5es. (Bahia.ba).<\/p>\n","protected":false},"excerpt":{"rendered":"<p>A bancada ruralista na C\u00e2mara dos Deputados pode atuar para abrir uma CPI do Movimento dos Sem Terra (MST). Nesse cen\u00e1rio, o presidente Luiz In\u00e1cio Lula da Silva pode enfrentar uma segunda comiss\u00e3o no Congresso que contraria seus interesses depois de mudar de posi\u00e7\u00e3o e passar a defender a cria\u00e7\u00e3o de uma comiss\u00e3o parlamentar de inqu\u00e9rito para apurar os atos golpistas de 8 de janeiro \u2013 ainda pendente de instala\u00e7\u00e3o . Com articula\u00e7\u00e3o da Frente Parlamentar da Agropecu\u00e1ria (FPA), que protesta contra a onda de invas\u00f5es de propriedades rurais deflagrada no chamado \u201cAbril Vermelho\u201d, a instaura\u00e7\u00e3o do colegiado tem o [&hellip;]<\/p>\n","protected":false},"author":4,"featured_media":153974,"comment_status":"open","ping_status":"open","sticky":false,"template":"","format":"standard","meta":[],"categories":[304],"tags":[1814,728,863,377,1813],"_links":{"self":[{"href":"https:\/\/www.cronicasdeitarantim.com.br\/v1\/wp-json\/wp\/v2\/posts\/156229"}],"collection":[{"href":"https:\/\/www.cronicasdeitarantim.com.br\/v1\/wp-json\/wp\/v2\/posts"}],"about":[{"href":"https:\/\/www.cronicasdeitarantim.com.br\/v1\/wp-json\/wp\/v2\/types\/post"}],"author":[{"embeddable":true,"href":"https:\/\/www.cronicasdeitarantim.com.br\/v1\/wp-json\/wp\/v2\/users\/4"}],"replies":[{"embeddable":true,"href":"https:\/\/www.cronicasdeitarantim.com.br\/v1\/wp-json\/wp\/v2\/comments?post=156229"}],"version-history":[{"count":1,"href":"https:\/\/www.cronicasdeitarantim.com.br\/v1\/wp-json\/wp\/v2\/posts\/156229\/revisions"}],"predecessor-version":[{"id":156230,"href":"https:\/\/www.cronicasdeitarantim.com.br\/v1\/wp-json\/wp\/v2\/posts\/156229\/revisions\/156230"}],"wp:featuredmedia":[{"embeddable":true,"href":"https:\/\/www.cronicasdeitarantim.com.br\/v1\/wp-json\/wp\/v2\/media\/153974"}],"wp:attachment":[{"href":"https:\/\/www.cronicasdeitarantim.com.br\/v1\/wp-json\/wp\/v2\/media?parent=156229"}],"wp:term":[{"taxonomy":"category","embeddable":true,"href":"https:\/\/www.cronicasdeitarantim.com.br\/v1\/wp-json\/wp\/v2\/categories?post=156229"},{"taxonomy":"post_tag","embeddable":true,"href":"https:\/\/www.cronicasdeitarantim.com.br\/v1\/wp-json\/wp\/v2\/tags?post=156229"}],"curies":[{"name":"wp","href":"https:\/\/api.w.org\/{rel}","templated":true}]}}