{"id":156150,"date":"2023-04-19T16:46:31","date_gmt":"2023-04-19T19:46:31","guid":{"rendered":"https:\/\/www.cronicasdeitarantim.com.br\/v1\/?p=156150"},"modified":"2023-04-20T00:42:07","modified_gmt":"2023-04-20T03:42:07","slug":"secretaria-de-educacao-promove-palestra-preventiva-para-pais-e-alunos-em-maiquinique","status":"publish","type":"post","link":"https:\/\/www.cronicasdeitarantim.com.br\/v1\/2023\/04\/19\/secretaria-de-educacao-promove-palestra-preventiva-para-pais-e-alunos-em-maiquinique\/","title":{"rendered":"Secretaria de Educa\u00e7\u00e3o promove palestra preventiva para pais e alunos em Maiquinique"},"content":{"rendered":"<p>A Secretaria de Educa\u00e7\u00e3o em Maiquinique com o apoio da prefeita Val\u00e9ria Silveira e do vice-prefeito, Kayke Jardim, realizou nesta quarta-feira (19), um Semin\u00e1rio com palestras preventivas e de alerta para pais, alunos, professores e demais profissionais de educa\u00e7\u00e3o com o objetivo de aumentar a seguran\u00e7a em ambiente escolar.<\/p>\n<p><img decoding=\"async\" loading=\"lazy\" class=\"size-medium wp-image-156154 alignleft\" src=\"https:\/\/www.cronicasdeitarantim.com.br\/v1\/wp-content\/uploads\/2023\/04\/IMG-20230419-WA1781_compress60-1-300x225.jpg\" alt=\"\" width=\"300\" height=\"225\" \/><\/p>\n<p>A a\u00e7\u00e3o foi promovida pela Prefeitura de Maiquinique junto a Secretaria de Educa\u00e7\u00e3o, representada pela secretaria da pasta, Patr\u00edcia Guimar\u00e3es, e tratou de temas como: Bullying, Drogas, Viol\u00eancia e outros assuntos vinculados ao \u00e2mbito escolar.<\/p>\n<p>O evento contou ainda com a participa\u00e7\u00e3o do Vereador Ezequiel Ferraz, do Secret\u00e1rio de Administra\u00e7\u00e3o, Rafael de Jesus, do Delegado da Pol\u00edcia Civil, Dr. Irineu Andrade, dos Conselheiros Tutelares e Psic\u00f3logo, no intuito de colaborar com o debate dos temas e de oferecer orienta\u00e7\u00f5es.<\/p>\n<p>Caso voc\u00ea perceba alguma atitude suspeita ou precise de orienta\u00e7\u00e3o \u00e9 s\u00f3 entrar em contato com os seguintes n\u00fameros:<\/p>\n<p><img decoding=\"async\" loading=\"lazy\" class=\"alignnone size-medium wp-image-156165\" src=\"https:\/\/www.cronicasdeitarantim.com.br\/v1\/wp-content\/uploads\/2023\/04\/IMG-20230419-WA1569-300x233.jpg\" alt=\"\" width=\"300\" height=\"233\" \/><\/p>\n<p>&nbsp;<\/p>\n","protected":false},"excerpt":{"rendered":"<p>A Secretaria de Educa\u00e7\u00e3o em Maiquinique com o apoio da prefeita Val\u00e9ria Silveira e do vice-prefeito, Kayke Jardim, realizou nesta quarta-feira (19), um Semin\u00e1rio com palestras preventivas e de alerta para pais, alunos, professores e demais profissionais de educa\u00e7\u00e3o com o objetivo de aumentar a seguran\u00e7a em ambiente escolar. A a\u00e7\u00e3o foi promovida pela Prefeitura de Maiquinique junto a Secretaria de Educa\u00e7\u00e3o, representada pela secretaria da pasta, Patr\u00edcia Guimar\u00e3es, e tratou de temas como: Bullying, Drogas, Viol\u00eancia e outros assuntos vinculados ao \u00e2mbito escolar. O evento contou ainda com a participa\u00e7\u00e3o do Vereador Ezequiel Ferraz, do Secret\u00e1rio de Administra\u00e7\u00e3o, Rafael [&hellip;]<\/p>\n","protected":false},"author":4,"featured_media":156151,"comment_status":"open","ping_status":"open","sticky":false,"template":"","format":"standard","meta":[],"categories":[14],"tags":[1795,392,1796,1765],"_links":{"self":[{"href":"https:\/\/www.cronicasdeitarantim.com.br\/v1\/wp-json\/wp\/v2\/posts\/156150"}],"collection":[{"href":"https:\/\/www.cronicasdeitarantim.com.br\/v1\/wp-json\/wp\/v2\/posts"}],"about":[{"href":"https:\/\/www.cronicasdeitarantim.com.br\/v1\/wp-json\/wp\/v2\/types\/post"}],"author":[{"embeddable":true,"href":"https:\/\/www.cronicasdeitarantim.com.br\/v1\/wp-json\/wp\/v2\/users\/4"}],"replies":[{"embeddable":true,"href":"https:\/\/www.cronicasdeitarantim.com.br\/v1\/wp-json\/wp\/v2\/comments?post=156150"}],"version-history":[{"count":4,"href":"https:\/\/www.cronicasdeitarantim.com.br\/v1\/wp-json\/wp\/v2\/posts\/156150\/revisions"}],"predecessor-version":[{"id":156166,"href":"https:\/\/www.cronicasdeitarantim.com.br\/v1\/wp-json\/wp\/v2\/posts\/156150\/revisions\/156166"}],"wp:featuredmedia":[{"embeddable":true,"href":"https:\/\/www.cronicasdeitarantim.com.br\/v1\/wp-json\/wp\/v2\/media\/156151"}],"wp:attachment":[{"href":"https:\/\/www.cronicasdeitarantim.com.br\/v1\/wp-json\/wp\/v2\/media?parent=156150"}],"wp:term":[{"taxonomy":"category","embeddable":true,"href":"https:\/\/www.cronicasdeitarantim.com.br\/v1\/wp-json\/wp\/v2\/categories?post=156150"},{"taxonomy":"post_tag","embeddable":true,"href":"https:\/\/www.cronicasdeitarantim.com.br\/v1\/wp-json\/wp\/v2\/tags?post=156150"}],"curies":[{"name":"wp","href":"https:\/\/api.w.org\/{rel}","templated":true}]}}