{"id":154731,"date":"2023-03-01T17:51:03","date_gmt":"2023-03-01T20:51:03","guid":{"rendered":"https:\/\/www.cronicasdeitarantim.com.br\/v1\/?p=154731"},"modified":"2023-03-01T17:51:03","modified_gmt":"2023-03-01T20:51:03","slug":"sindicato-faz-manifestacao-em-itarantim-com-noticia-de-demissao-de-funcionarios","status":"publish","type":"post","link":"https:\/\/www.cronicasdeitarantim.com.br\/v1\/2023\/03\/01\/sindicato-faz-manifestacao-em-itarantim-com-noticia-de-demissao-de-funcionarios\/","title":{"rendered":"Sindicato faz manifesta\u00e7\u00e3o em Itarantim com not\u00edcia de demiss\u00e3o de funcion\u00e1rios"},"content":{"rendered":"<p>Com a not\u00edcia da demiss\u00e3o de funcion\u00e1rios da empresa de cal\u00e7ados Renata Melo em Itarantim, o sindicato que representa a classe esteve na tarde desta quarta-feira (01) em Itarantim na porta do galp\u00e3o da empresa.<\/p>\n<p>O site manteve contato com um dos representantes do sindicato que nos informou que, a not\u00edcia pegou a todos de surpresa e que vai est\u00e1 no munic\u00edpio e em outras cidades da regi\u00e3o acompanhando o caso.<\/p>\n<p>A reda\u00e7\u00e3o do nosso site marcou uma entrevista com o sindicato para o pr\u00f3ximo s\u00e1bado (04) no programa EM-PAUTA na r\u00e1dio Tr\u00eas Pontas FM para falar sobre o assunto.<\/p>\n<p>&nbsp;<\/p>\n","protected":false},"excerpt":{"rendered":"<p>Com a not\u00edcia da demiss\u00e3o de funcion\u00e1rios da empresa de cal\u00e7ados Renata Melo em Itarantim, o sindicato que representa a classe esteve na tarde desta quarta-feira (01) em Itarantim na porta do galp\u00e3o da empresa. O site manteve contato com um dos representantes do sindicato que nos informou que, a not\u00edcia pegou a todos de surpresa e que vai est\u00e1 no munic\u00edpio e em outras cidades da regi\u00e3o acompanhando o caso. A reda\u00e7\u00e3o do nosso site marcou uma entrevista com o sindicato para o pr\u00f3ximo s\u00e1bado (04) no programa EM-PAUTA na r\u00e1dio Tr\u00eas Pontas FM para falar sobre o assunto. [&hellip;]<\/p>\n","protected":false},"author":4,"featured_media":0,"comment_status":"open","ping_status":"open","sticky":false,"template":"","format":"standard","meta":[],"categories":[1448],"tags":[385],"_links":{"self":[{"href":"https:\/\/www.cronicasdeitarantim.com.br\/v1\/wp-json\/wp\/v2\/posts\/154731"}],"collection":[{"href":"https:\/\/www.cronicasdeitarantim.com.br\/v1\/wp-json\/wp\/v2\/posts"}],"about":[{"href":"https:\/\/www.cronicasdeitarantim.com.br\/v1\/wp-json\/wp\/v2\/types\/post"}],"author":[{"embeddable":true,"href":"https:\/\/www.cronicasdeitarantim.com.br\/v1\/wp-json\/wp\/v2\/users\/4"}],"replies":[{"embeddable":true,"href":"https:\/\/www.cronicasdeitarantim.com.br\/v1\/wp-json\/wp\/v2\/comments?post=154731"}],"version-history":[{"count":1,"href":"https:\/\/www.cronicasdeitarantim.com.br\/v1\/wp-json\/wp\/v2\/posts\/154731\/revisions"}],"predecessor-version":[{"id":154733,"href":"https:\/\/www.cronicasdeitarantim.com.br\/v1\/wp-json\/wp\/v2\/posts\/154731\/revisions\/154733"}],"wp:attachment":[{"href":"https:\/\/www.cronicasdeitarantim.com.br\/v1\/wp-json\/wp\/v2\/media?parent=154731"}],"wp:term":[{"taxonomy":"category","embeddable":true,"href":"https:\/\/www.cronicasdeitarantim.com.br\/v1\/wp-json\/wp\/v2\/categories?post=154731"},{"taxonomy":"post_tag","embeddable":true,"href":"https:\/\/www.cronicasdeitarantim.com.br\/v1\/wp-json\/wp\/v2\/tags?post=154731"}],"curies":[{"name":"wp","href":"https:\/\/api.w.org\/{rel}","templated":true}]}}