{"id":154658,"date":"2023-02-27T22:45:06","date_gmt":"2023-02-28T01:45:06","guid":{"rendered":"https:\/\/www.cronicasdeitarantim.com.br\/v1\/?p=154658"},"modified":"2023-02-27T22:45:06","modified_gmt":"2023-02-28T01:45:06","slug":"valeria-silveira-discursa-na-abertura-dos-trabalhos-do-legislativo-e-pede-uniao-entre-executivo-e-legislativo","status":"publish","type":"post","link":"https:\/\/www.cronicasdeitarantim.com.br\/v1\/2023\/02\/27\/valeria-silveira-discursa-na-abertura-dos-trabalhos-do-legislativo-e-pede-uniao-entre-executivo-e-legislativo\/","title":{"rendered":"Val\u00e9ria Silveira discursa na abertura dos trabalhos do legislativo e pede uni\u00e3o entre executivo e legislativo"},"content":{"rendered":"<p>A prefeita da cidade de Maiquinique, Val\u00e9ria Silveira (PODE), discursou na abertura dos trabalhos do legislativo que teve in\u00edcio na noite desta segunda-feira (27).<\/p>\n<p>Com um plen\u00e1rio lotado a prefeita deu conota\u00e7\u00e3o aos dois meses de seu governo, o que a prefeitura tem realizado junto \u00e0s suas secretarias. Val\u00e9ria reafirmou o seu compromisso com a cidade e disse que est\u00e1 governando Maiquinique e estar ali naquele momento \u00e9 um sonho. Al\u00e9m disso, ela citou algumas obras que j\u00e1 est\u00e3o sendo realizadas e o que est\u00e3o por vir como parceria junto ao governo do estado.<\/p>\n<p>Na solenidade, ela pediu uni\u00e3o aos vereadores, ao legislativo para um di\u00e1logo comum com o executivo e disse que \u00e9 preciso acabar com a politicagem na cidade para o seu desenvolvimento. A prefeita ainda relatou ao assumir a prefeitura como foi encontrada, na quest\u00e3o estrutural, im\u00f3veis e ve\u00edculos.<\/p>\n<p>Confira o discurso da prefeita:<\/p>\n<p><iframe loading=\"lazy\" title=\"Prefeita Val\u00e9ria Silveira discursa na abertura dos trabalhos do legislativo de Maiquinique.\" width=\"1200\" height=\"675\" src=\"https:\/\/www.youtube.com\/embed\/WfHKg8tVnHU?feature=oembed\" frameborder=\"0\" allow=\"accelerometer; autoplay; clipboard-write; encrypted-media; gyroscope; picture-in-picture; web-share\" allowfullscreen><\/iframe><\/p>\n","protected":false},"excerpt":{"rendered":"<p>A prefeita da cidade de Maiquinique, Val\u00e9ria Silveira (PODE), discursou na abertura dos trabalhos do legislativo que teve in\u00edcio na noite desta segunda-feira (27). Com um plen\u00e1rio lotado a prefeita deu conota\u00e7\u00e3o aos dois meses de seu governo, o que a prefeitura tem realizado junto \u00e0s suas secretarias. Val\u00e9ria reafirmou o seu compromisso com a cidade e disse que est\u00e1 governando Maiquinique e estar ali naquele momento \u00e9 um sonho. Al\u00e9m disso, ela citou algumas obras que j\u00e1 est\u00e3o sendo realizadas e o que est\u00e3o por vir como parceria junto ao governo do estado. Na solenidade, ela pediu uni\u00e3o aos [&hellip;]<\/p>\n","protected":false},"author":4,"featured_media":0,"comment_status":"open","ping_status":"open","sticky":false,"template":"","format":"standard","meta":[],"categories":[304],"tags":[392,1765],"_links":{"self":[{"href":"https:\/\/www.cronicasdeitarantim.com.br\/v1\/wp-json\/wp\/v2\/posts\/154658"}],"collection":[{"href":"https:\/\/www.cronicasdeitarantim.com.br\/v1\/wp-json\/wp\/v2\/posts"}],"about":[{"href":"https:\/\/www.cronicasdeitarantim.com.br\/v1\/wp-json\/wp\/v2\/types\/post"}],"author":[{"embeddable":true,"href":"https:\/\/www.cronicasdeitarantim.com.br\/v1\/wp-json\/wp\/v2\/users\/4"}],"replies":[{"embeddable":true,"href":"https:\/\/www.cronicasdeitarantim.com.br\/v1\/wp-json\/wp\/v2\/comments?post=154658"}],"version-history":[{"count":2,"href":"https:\/\/www.cronicasdeitarantim.com.br\/v1\/wp-json\/wp\/v2\/posts\/154658\/revisions"}],"predecessor-version":[{"id":154667,"href":"https:\/\/www.cronicasdeitarantim.com.br\/v1\/wp-json\/wp\/v2\/posts\/154658\/revisions\/154667"}],"wp:attachment":[{"href":"https:\/\/www.cronicasdeitarantim.com.br\/v1\/wp-json\/wp\/v2\/media?parent=154658"}],"wp:term":[{"taxonomy":"category","embeddable":true,"href":"https:\/\/www.cronicasdeitarantim.com.br\/v1\/wp-json\/wp\/v2\/categories?post=154658"},{"taxonomy":"post_tag","embeddable":true,"href":"https:\/\/www.cronicasdeitarantim.com.br\/v1\/wp-json\/wp\/v2\/tags?post=154658"}],"curies":[{"name":"wp","href":"https:\/\/api.w.org\/{rel}","templated":true}]}}