{"id":154441,"date":"2023-02-18T16:49:58","date_gmt":"2023-02-18T19:49:58","guid":{"rendered":"https:\/\/www.cronicasdeitarantim.com.br\/v1\/?p=154441"},"modified":"2023-02-18T18:37:51","modified_gmt":"2023-02-18T21:37:51","slug":"secretaria-de-assistencia-social-e-cras-da-prefeitura-de-maiquinique-realizam-carnaval-da-melhor-idade","status":"publish","type":"post","link":"https:\/\/www.cronicasdeitarantim.com.br\/v1\/2023\/02\/18\/secretaria-de-assistencia-social-e-cras-da-prefeitura-de-maiquinique-realizam-carnaval-da-melhor-idade\/","title":{"rendered":"Secretaria de Assist\u00eancia Social e CRAS da prefeitura de Maiquinique realizam Carnaval da Melhor Idade"},"content":{"rendered":"<p>A Secretaria de Assist\u00eancia Social junto ao CRAS, realizou na noite desta sexta-feira (17), o Carnaval da Melhor Idade,\u00a0evento faz parte do projeto Juventude Acumulada e reuniu pessoas que s\u00e3o atendidas pelo CRAS, contou com a presen\u00e7a de toda comunidade e tamb\u00e9m da prefeita Val\u00e9ria Silveira que marcou presen\u00e7a com sua fantasia.<\/p>\n<p>Foi uma noite especial com sorteios, brindes, desfiles, marchinhas e o concurso da Rainha do Carnaval 2023 que recebeu a faixa das m\u00e3os da prefeita e que sustentar\u00e1 ela at\u00e9 o carnaval do ano que vem. O evento foi finalizado com o desfile pelas ruas da cidade de Maiquinque.<\/p>\n<p>De acordo\u00a0Ademilza, Secret\u00e1ria de Assist\u00eancia Social e Tais, coordenadora do CRAS, o evento \u00e9 uma forma de integra\u00e7\u00e3o social deste p\u00fablico que vive a melhor idade e faz parte das a\u00e7\u00f5es da Secretaria de A\u00e7\u00e3o Social e do CRAS.<\/p>\n<p>Fotos deste evento estar\u00e1 na nossa p\u00e1gina do site no Facebook, Cr\u00f4nicas de Itarantim e no nosso Instagram.<\/p>\n<p>Confira momentos do evento:<\/p>\n<p><iframe loading=\"lazy\" width=\"1200\" height=\"675\" src=\"https:\/\/www.youtube.com\/embed\/hS45msrN1eE?feature=oembed\" frameborder=\"0\" allow=\"accelerometer; autoplay; clipboard-write; encrypted-media; gyroscope; picture-in-picture; web-share\" allowfullscreen title=\"Prefeitura de Maiquinique realiza junto a Sec. de Assist\u00eancia e CRAS carnaval da melhor idade\"><\/iframe><\/p>\n<p><iframe loading=\"lazy\" width=\"1200\" height=\"675\" src=\"https:\/\/www.youtube.com\/embed\/D8kgcSHeQJQ?feature=oembed\" frameborder=\"0\" allow=\"accelerometer; autoplay; clipboard-write; encrypted-media; gyroscope; picture-in-picture; web-share\" allowfullscreen title=\"Prefeitura de Maiquinique realiza junto a Sec. de Assist\u00eancia e CRAS carnaval da melhor idade\"><\/iframe><\/p>\n<p><iframe loading=\"lazy\" width=\"1200\" height=\"675\" src=\"https:\/\/www.youtube.com\/embed\/dfnLxhx0Du8?feature=oembed\" frameborder=\"0\" allow=\"accelerometer; autoplay; clipboard-write; encrypted-media; gyroscope; picture-in-picture; web-share\" allowfullscreen title=\"Prefeitura de Maiquinique realiza junto a Sec. de Assist\u00eancia e CRAS carnaval da melhor idade\"><\/iframe><\/p>\n<p><iframe loading=\"lazy\" width=\"1200\" height=\"675\" src=\"https:\/\/www.youtube.com\/embed\/cpYH7xM9BIk?feature=oembed\" frameborder=\"0\" allow=\"accelerometer; autoplay; clipboard-write; encrypted-media; gyroscope; picture-in-picture; web-share\" allowfullscreen title=\"Prefeitura de Maiquinique realiza junto \u00e0 Sec. de Assist\u00eancia e CRAS carnaval da melhor idade\"><\/iframe><\/p>\n<p><iframe loading=\"lazy\" width=\"1200\" height=\"675\" src=\"https:\/\/www.youtube.com\/embed\/VIGt4vr-cfQ?feature=oembed\" frameborder=\"0\" allow=\"accelerometer; autoplay; clipboard-write; encrypted-media; gyroscope; picture-in-picture; web-share\" allowfullscreen title=\"Prefeitura de Maiquinique realiza junto \u00e0 Sec. de Assist\u00eancia e CRAS carnaval da melhor idade\"><\/iframe><\/p>\n","protected":false},"excerpt":{"rendered":"<p>A Secretaria de Assist\u00eancia Social junto ao CRAS, realizou na noite desta sexta-feira (17), o Carnaval da Melhor Idade,\u00a0evento faz parte do projeto Juventude Acumulada e reuniu pessoas que s\u00e3o atendidas pelo CRAS, contou com a presen\u00e7a de toda comunidade e tamb\u00e9m da prefeita Val\u00e9ria Silveira que marcou presen\u00e7a com sua fantasia. Foi uma noite especial com sorteios, brindes, desfiles, marchinhas e o concurso da Rainha do Carnaval 2023 que recebeu a faixa das m\u00e3os da prefeita e que sustentar\u00e1 ela at\u00e9 o carnaval do ano que vem. O evento foi finalizado com o desfile pelas ruas da cidade de [&hellip;]<\/p>\n","protected":false},"author":4,"featured_media":154442,"comment_status":"open","ping_status":"open","sticky":false,"template":"","format":"standard","meta":[],"categories":[14],"tags":[1765],"_links":{"self":[{"href":"https:\/\/www.cronicasdeitarantim.com.br\/v1\/wp-json\/wp\/v2\/posts\/154441"}],"collection":[{"href":"https:\/\/www.cronicasdeitarantim.com.br\/v1\/wp-json\/wp\/v2\/posts"}],"about":[{"href":"https:\/\/www.cronicasdeitarantim.com.br\/v1\/wp-json\/wp\/v2\/types\/post"}],"author":[{"embeddable":true,"href":"https:\/\/www.cronicasdeitarantim.com.br\/v1\/wp-json\/wp\/v2\/users\/4"}],"replies":[{"embeddable":true,"href":"https:\/\/www.cronicasdeitarantim.com.br\/v1\/wp-json\/wp\/v2\/comments?post=154441"}],"version-history":[{"count":1,"href":"https:\/\/www.cronicasdeitarantim.com.br\/v1\/wp-json\/wp\/v2\/posts\/154441\/revisions"}],"predecessor-version":[{"id":154443,"href":"https:\/\/www.cronicasdeitarantim.com.br\/v1\/wp-json\/wp\/v2\/posts\/154441\/revisions\/154443"}],"wp:featuredmedia":[{"embeddable":true,"href":"https:\/\/www.cronicasdeitarantim.com.br\/v1\/wp-json\/wp\/v2\/media\/154442"}],"wp:attachment":[{"href":"https:\/\/www.cronicasdeitarantim.com.br\/v1\/wp-json\/wp\/v2\/media?parent=154441"}],"wp:term":[{"taxonomy":"category","embeddable":true,"href":"https:\/\/www.cronicasdeitarantim.com.br\/v1\/wp-json\/wp\/v2\/categories?post=154441"},{"taxonomy":"post_tag","embeddable":true,"href":"https:\/\/www.cronicasdeitarantim.com.br\/v1\/wp-json\/wp\/v2\/tags?post=154441"}],"curies":[{"name":"wp","href":"https:\/\/api.w.org\/{rel}","templated":true}]}}