{"id":154270,"date":"2023-02-13T12:23:31","date_gmt":"2023-02-13T15:23:31","guid":{"rendered":"https:\/\/www.cronicasdeitarantim.com.br\/v1\/?p=154270"},"modified":"2023-02-13T12:31:22","modified_gmt":"2023-02-13T15:31:22","slug":"com-apoio-da-prefeitura-seminario-de-jiu-jitsu-foi-realizado-em-maiquinique-neste-domingo","status":"publish","type":"post","link":"https:\/\/www.cronicasdeitarantim.com.br\/v1\/2023\/02\/13\/com-apoio-da-prefeitura-seminario-de-jiu-jitsu-foi-realizado-em-maiquinique-neste-domingo\/","title":{"rendered":"Com apoio da prefeitura, semin\u00e1rio de Jiu Jitsu foi realizado em Maiquinique neste domingo"},"content":{"rendered":"<p>Neste \u00faltimo domingo (12) foi realizado o primeiro Semin\u00e1rio de Jiu Jitsu do ano, que contou com o apoio da Prefeitura de Maiquinique e da Secretaria de Esporte Cultura e Lazer.<\/p>\n<p>O Jiu Jitsu \u00e9 uma arte marcial de origem japonesa que tem como caracter\u00edsticas a utiliza\u00e7\u00e3o de golpes, tor\u00e7\u00f5es e press\u00f5es para levar o oponente ao ch\u00e3o e domin\u00e1-lo. Na etimologia japonesa, \u2018J\u016b\u2019 significa (suavidade) e \u2018Jutsu\u2019 significa (arte), sendo traduzido para \u201cArte Suave\u201d.<\/p>\n<p>O evento realizado em Maiquinique teve por finalidade promover mais conhecimento na modalidade, desvendar novos talentos, al\u00e9m de avaliar o n\u00edvel t\u00e9cnico de cada praticante.<\/p>\n<p>O Jiu Jitsu promove muitos outros benef\u00edcios que v\u00e3o al\u00e9m do esporte, pois contribui para o condicionamento f\u00edsico, disciplina e melhora na sa\u00fade, que tem impacto direto em mais qualidade de vida, destacou o professor Danilo Brito.<\/p>\n<p>O evento contou com praticantes da modalidade de v\u00e1rias cidades da regi\u00e3o.<\/p>\n<p><img decoding=\"async\" loading=\"lazy\" class=\"size-medium wp-image-154273 alignleft\" src=\"https:\/\/www.cronicasdeitarantim.com.br\/v1\/wp-content\/uploads\/2023\/02\/329914568_761520145570617_6212986506598908342_n-300x200.jpg\" alt=\"\" width=\"300\" height=\"200\" srcset=\"https:\/\/www.cronicasdeitarantim.com.br\/v1\/wp-content\/uploads\/2023\/02\/329914568_761520145570617_6212986506598908342_n-300x200.jpg 300w, https:\/\/www.cronicasdeitarantim.com.br\/v1\/wp-content\/uploads\/2023\/02\/329914568_761520145570617_6212986506598908342_n.jpg 730w, https:\/\/www.cronicasdeitarantim.com.br\/v1\/wp-content\/uploads\/2023\/02\/329914568_761520145570617_6212986506598908342_n-400x267.jpg 400w\" sizes=\"(max-width: 300px) 100vw, 300px\" \/><\/p>\n<p>A prefeita Val\u00e9ria Silveira (Pode) esteve no evento e afirmou ao usar sua fala seu compromisso com o esporte da cidade que vem passando por um processo de recupera\u00e7\u00e3o.<\/p>\n","protected":false},"excerpt":{"rendered":"<p>Neste \u00faltimo domingo (12) foi realizado o primeiro Semin\u00e1rio de Jiu Jitsu do ano, que contou com o apoio da Prefeitura de Maiquinique e da Secretaria de Esporte Cultura e Lazer. O Jiu Jitsu \u00e9 uma arte marcial de origem japonesa que tem como caracter\u00edsticas a utiliza\u00e7\u00e3o de golpes, tor\u00e7\u00f5es e press\u00f5es para levar o oponente ao ch\u00e3o e domin\u00e1-lo. Na etimologia japonesa, \u2018J\u016b\u2019 significa (suavidade) e \u2018Jutsu\u2019 significa (arte), sendo traduzido para \u201cArte Suave\u201d. O evento realizado em Maiquinique teve por finalidade promover mais conhecimento na modalidade, desvendar novos talentos, al\u00e9m de avaliar o n\u00edvel t\u00e9cnico de cada praticante. [&hellip;]<\/p>\n","protected":false},"author":4,"featured_media":154271,"comment_status":"open","ping_status":"open","sticky":false,"template":"","format":"standard","meta":[],"categories":[299],"tags":[1765],"_links":{"self":[{"href":"https:\/\/www.cronicasdeitarantim.com.br\/v1\/wp-json\/wp\/v2\/posts\/154270"}],"collection":[{"href":"https:\/\/www.cronicasdeitarantim.com.br\/v1\/wp-json\/wp\/v2\/posts"}],"about":[{"href":"https:\/\/www.cronicasdeitarantim.com.br\/v1\/wp-json\/wp\/v2\/types\/post"}],"author":[{"embeddable":true,"href":"https:\/\/www.cronicasdeitarantim.com.br\/v1\/wp-json\/wp\/v2\/users\/4"}],"replies":[{"embeddable":true,"href":"https:\/\/www.cronicasdeitarantim.com.br\/v1\/wp-json\/wp\/v2\/comments?post=154270"}],"version-history":[{"count":2,"href":"https:\/\/www.cronicasdeitarantim.com.br\/v1\/wp-json\/wp\/v2\/posts\/154270\/revisions"}],"predecessor-version":[{"id":154274,"href":"https:\/\/www.cronicasdeitarantim.com.br\/v1\/wp-json\/wp\/v2\/posts\/154270\/revisions\/154274"}],"wp:featuredmedia":[{"embeddable":true,"href":"https:\/\/www.cronicasdeitarantim.com.br\/v1\/wp-json\/wp\/v2\/media\/154271"}],"wp:attachment":[{"href":"https:\/\/www.cronicasdeitarantim.com.br\/v1\/wp-json\/wp\/v2\/media?parent=154270"}],"wp:term":[{"taxonomy":"category","embeddable":true,"href":"https:\/\/www.cronicasdeitarantim.com.br\/v1\/wp-json\/wp\/v2\/categories?post=154270"},{"taxonomy":"post_tag","embeddable":true,"href":"https:\/\/www.cronicasdeitarantim.com.br\/v1\/wp-json\/wp\/v2\/tags?post=154270"}],"curies":[{"name":"wp","href":"https:\/\/api.w.org\/{rel}","templated":true}]}}